{"id":15669,"date":"2026-03-17T18:24:22","date_gmt":"2026-03-17T21:24:22","guid":{"rendered":"https:\/\/jeffersonisac.adv.br\/index.php\/2026\/03\/17\/avanca-na-camara-proposta-que-aumenta-piso-de-agentes-de-saude-para-tres-salarios-minimos\/"},"modified":"2026-03-17T18:24:22","modified_gmt":"2026-03-17T21:24:22","slug":"avanca-na-camara-proposta-que-aumenta-piso-de-agentes-de-saude-para-tres-salarios-minimos","status":"publish","type":"post","link":"https:\/\/jeffersonisac.adv.br\/index.php\/2026\/03\/17\/avanca-na-camara-proposta-que-aumenta-piso-de-agentes-de-saude-para-tres-salarios-minimos\/","title":{"rendered":"Avan\u00e7a na C\u00e2mara proposta que aumenta piso de agentes de sa\u00fade para tr\u00eas sal\u00e1rios m\u00ednimos"},"content":{"rendered":"<div class=\"image-container\">\n<div class=\"midia-creditos\"><em>Vinicius Loures\/C\u00e2mara dos Deputados<\/em><\/div>\n<div class=\"media-wrapper\"><\/div>\n<div class=\"midia-legenda\">Rubens Pereira J\u00fanior defendeu a valoriza\u00e7\u00e3o dos profissionais<\/div>\n<\/div>\n<p>A Comiss\u00e3o de Constitui\u00e7\u00e3o e Justi\u00e7a da C\u00e2mara dos Deputados aprovou a <span class=\"termoGlossario\">admissibilidade<\/span> da\u00a0Proposta de Emenda \u00e0 Constitui\u00e7\u00e3o (PEC) 18\/22, que estabelece piso salarial de tr\u00eas sal\u00e1rios m\u00ednimos (hoje, R$ 4.863) para agentes comunit\u00e1rios de sa\u00fade (ACS) e agentes de combate \u00e0s endemias (ACE) com forma\u00e7\u00e3o em curso t\u00e9cnico nas respectivas \u00e1reas.<\/p>\n<p>A proposta segue para uma <span class=\"termoGlossario\">comiss\u00e3o especial<\/span> e depois para o Plen\u00e1rio.<\/p>\n<p><a href=\"https:\/\/www.camara.leg.br\/noticias\/573448-saiba-mais-sobre-a-tramitacao-de-pecs\/\">Saiba mais sobre a tramita\u00e7\u00e3o de propostas de emenda \u00e0 Constitui\u00e7\u00e3o.<\/a><\/p>\n<p>Segundo a proposta, que tramita na C\u00e2mara dos Deputados, os valores adicionais para compor o novo piso ser\u00e3o repassados pela Uni\u00e3o a estados e munic\u00edpios e ao Distrito Federal.<\/p>\n<p>A PEC foi apresentada em julho pelo ex-deputado <a href=\"https:\/\/www.camara.leg.br\/deputados\/141552\">Valtenir Pereira (MDB-MT). <\/a>Ele lembrou que a <a href=\"https:\/\/www2.camara.leg.br\/legin\/fed\/emecon\/2022\/emendaconstitucional-120-5-maio-2022-792600-norma-pl.html\">Emenda Constitucional 120<\/a>, oriunda de outra proposta de sua autoria (<a class=\"linkProposicao\" href=\"https:\/\/www.camara.leg.br\/noticias\/216879-pec-fixa-regras-para-a-remuneracao-de-agentes-comunitarios-de-saude\">PEC 22\/11<\/a>), j\u00e1 garante aos agentes o piso salarial de dois sal\u00e1rios m\u00ednimos (R$ 3.242).<\/p>\n<p>O relator da proposta, deputado Rubens Pereira J\u00fanior (PT-MA), deu parecer favor\u00e1vel. Segundo ele, a proposta &#8220;pretende promover leg\u00edtima pol\u00edtica p\u00fablica de valoriza\u00e7\u00e3o na pol\u00edtica remunerat\u00f3ria&#8221; desses profissionais.<\/p>","protected":false},"excerpt":{"rendered":"<p>Vinicius Loures\/C\u00e2mara dos Deputados Rubens Pereira J\u00fanior defendeu a valoriza\u00e7\u00e3o dos profissionais A Comiss\u00e3o de Constitui\u00e7\u00e3o e Justi\u00e7a da C\u00e2mara dos Deputados aprovou a admissibilidade da\u00a0Proposta de Emenda \u00e0 Constitui\u00e7\u00e3o (PEC) 18\/22, que estabelece piso salarial de tr\u00eas sal\u00e1rios m\u00ednimos (hoje, R$ 4.863) para agentes comunit\u00e1rios de sa\u00fade (ACS) e agentes de combate \u00e0s endemias [&hellip;]<\/p>\n","protected":false},"author":0,"featured_media":0,"comment_status":"open","ping_status":"open","sticky":false,"template":"","format":"standard","meta":{"footnotes":""},"categories":[1],"tags":[],"_links":{"self":[{"href":"https:\/\/jeffersonisac.adv.br\/index.php\/wp-json\/wp\/v2\/posts\/15669"}],"collection":[{"href":"https:\/\/jeffersonisac.adv.br\/index.php\/wp-json\/wp\/v2\/posts"}],"about":[{"href":"https:\/\/jeffersonisac.adv.br\/index.php\/wp-json\/wp\/v2\/types\/post"}],"replies":[{"embeddable":true,"href":"https:\/\/jeffersonisac.adv.br\/index.php\/wp-json\/wp\/v2\/comments?post=15669"}],"version-history":[{"count":0,"href":"https:\/\/jeffersonisac.adv.br\/index.php\/wp-json\/wp\/v2\/posts\/15669\/revisions"}],"wp:attachment":[{"href":"https:\/\/jeffersonisac.adv.br\/index.php\/wp-json\/wp\/v2\/media?parent=15669"}],"wp:term":[{"taxonomy":"category","embeddable":true,"href":"https:\/\/jeffersonisac.adv.br\/index.php\/wp-json\/wp\/v2\/categories?post=15669"},{"taxonomy":"post_tag","embeddable":true,"href":"https:\/\/jeffersonisac.adv.br\/index.php\/wp-json\/wp\/v2\/tags?post=15669"}],"curies":[{"name":"wp","href":"https:\/\/api.w.org\/{rel}","templated":true}]}}