{"id":15670,"date":"2026-03-17T18:24:22","date_gmt":"2026-03-17T21:24:22","guid":{"rendered":"https:\/\/jeffersonisac.adv.br\/index.php\/2026\/03\/17\/comissao-aprova-politica-nacional-para-incentivar-o-uso-racional-da-agua\/"},"modified":"2026-03-17T18:24:22","modified_gmt":"2026-03-17T21:24:22","slug":"comissao-aprova-politica-nacional-para-incentivar-o-uso-racional-da-agua","status":"publish","type":"post","link":"https:\/\/jeffersonisac.adv.br\/index.php\/2026\/03\/17\/comissao-aprova-politica-nacional-para-incentivar-o-uso-racional-da-agua\/","title":{"rendered":"Comiss\u00e3o aprova pol\u00edtica nacional para incentivar o uso racional da \u00e1gua"},"content":{"rendered":"<div class=\"image-container\">\n<div class=\"midia-creditos\"><em>Vinicius Loures\/C\u00e2mara dos Deputados<\/em><\/div>\n<div class=\"media-wrapper\"><\/div>\n<div class=\"midia-legenda\">Ricardo Ayres, relator do projeto de lei na CCJ<\/div>\n<\/div>\n<p>A Comiss\u00e3o de Constitui\u00e7\u00e3o e Justi\u00e7a e de Cidadania da C\u00e2mara dos Deputados aprovou nesta ter\u00e7a-feira (17) projeto de lei que cria uma pol\u00edtica nacional para promover o uso racional da \u00e1gua.\u00a0A proposta prev\u00ea a\u00e7\u00f5es governamentais para promover o uso consciente e eficiente dos recursos h\u00eddricos, al\u00e9m de combater o consumo abusivo.<\/p>\n<p>De acordo com a Pol\u00edtica Nacional de Racionaliza\u00e7\u00e3o no Uso e de Combate ao Desperd\u00edcio de \u00c1gua, o desperd\u00edcio \u00e9 definido como o volume de \u00e1gua pot\u00e1vel perdido por uso abusivo ou m\u00e1 conserva\u00e7\u00e3o das instala\u00e7\u00f5es.<\/p>\n<p>Entre os objetivos da nova pol\u00edtica est\u00e3o:<\/p>\n<p>promover o uso eficiente em sistemas de saneamento ambiental, incluindo o papel dos consumidores;<br \/>\nprevenir a escassez de \u00e1gua para consumo humano e outros usos essenciais;<br \/>\ncontribuir para a universaliza\u00e7\u00e3o do saneamento com custos reduzidos para a sociedade;<br \/>\nmelhorar os indicadores de desempenho dos prestadores de servi\u00e7o e incentivar novas tecnologias; e<br \/>\nintegrar a gest\u00e3o com as pol\u00edticas de sa\u00fade, meio ambiente e desenvolvimento urbano.<\/p>\n<p>Por recomenda\u00e7\u00e3o do relator, deputado Ricardo Ayres (Republicanos-TO), foi aprovado o <span class=\"termoGlossario\">substitutivo<\/span> da Comiss\u00e3o de Desenvolvimento Urbano (CDU) para o <a class=\"linkProposicao\" href=\"https:\/\/www.camara.leg.br\/noticias\/1043613-proposta-institui-politica-nacional-para-promover-o-uso-racional-da-agua\">Projeto de Lei 596\/24<\/a>, da deputada Laura Carneiro (PSD-RJ). \u201cOs v\u00edcios formais e jur\u00eddicos identificados no texto original foram integralmente sanados pelo substitutivo\u201d, destacou o relator na CCJ.<\/p>\n<p>O texto da CDU, de autoria do deputado Toninho Wandscheer (PP-PR), faz ajustes t\u00e9cnicos para garantir a constitucionalidade da medida. O principal deles exclui do projeto a refer\u00eancia direta a programas criados por decretos e a instrumentos de gest\u00e3o que j\u00e1 possuem legisla\u00e7\u00e3o pr\u00f3pria, como a cobran\u00e7a pelo uso da \u00e1gua.<\/p>\n<p>Para que a pol\u00edtica saia do papel, o substitutivo define como instrumentos:<\/p>\n<p>programas nacionais voltados ao combate ao desperd\u00edcio e \u00e0 efici\u00eancia energ\u00e9tica no saneamento;<br \/>\na\u00e7\u00f5es de regulamenta\u00e7\u00e3o para o aproveitamento de \u00e1gua da chuva e \u00e1guas servidas; e<br \/>\no Plano Nacional de Saneamento B\u00e1sico (Plansab).<\/p>\n<p><strong>Pr\u00f3ximos passos<\/strong><br \/>\nA proposta segue para an\u00e1lise do Senado, a menos que haja recurso para que seja votada antes pelo Plen\u00e1rio da C\u00e2mara.<\/p>\n<p><a href=\"https:\/\/www.camara.leg.br\/noticias\/573454-SAIBA-MAIS-SOBRE-A-TRAMITACAO-DE-PROJETOS-DE-LEI\">Saiba mais sobre a tramita\u00e7\u00e3o de projetos de lei<\/a><\/p>","protected":false},"excerpt":{"rendered":"<p>Vinicius Loures\/C\u00e2mara dos Deputados Ricardo Ayres, relator do projeto de lei na CCJ A Comiss\u00e3o de Constitui\u00e7\u00e3o e Justi\u00e7a e de Cidadania da C\u00e2mara dos Deputados aprovou nesta ter\u00e7a-feira (17) projeto de lei que cria uma pol\u00edtica nacional para promover o uso racional da \u00e1gua.\u00a0A proposta prev\u00ea a\u00e7\u00f5es governamentais para promover o uso consciente e [&hellip;]<\/p>\n","protected":false},"author":0,"featured_media":0,"comment_status":"open","ping_status":"open","sticky":false,"template":"","format":"standard","meta":{"footnotes":""},"categories":[1],"tags":[],"_links":{"self":[{"href":"https:\/\/jeffersonisac.adv.br\/index.php\/wp-json\/wp\/v2\/posts\/15670"}],"collection":[{"href":"https:\/\/jeffersonisac.adv.br\/index.php\/wp-json\/wp\/v2\/posts"}],"about":[{"href":"https:\/\/jeffersonisac.adv.br\/index.php\/wp-json\/wp\/v2\/types\/post"}],"replies":[{"embeddable":true,"href":"https:\/\/jeffersonisac.adv.br\/index.php\/wp-json\/wp\/v2\/comments?post=15670"}],"version-history":[{"count":0,"href":"https:\/\/jeffersonisac.adv.br\/index.php\/wp-json\/wp\/v2\/posts\/15670\/revisions"}],"wp:attachment":[{"href":"https:\/\/jeffersonisac.adv.br\/index.php\/wp-json\/wp\/v2\/media?parent=15670"}],"wp:term":[{"taxonomy":"category","embeddable":true,"href":"https:\/\/jeffersonisac.adv.br\/index.php\/wp-json\/wp\/v2\/categories?post=15670"},{"taxonomy":"post_tag","embeddable":true,"href":"https:\/\/jeffersonisac.adv.br\/index.php\/wp-json\/wp\/v2\/tags?post=15670"}],"curies":[{"name":"wp","href":"https:\/\/api.w.org\/{rel}","templated":true}]}}