{"id":15677,"date":"2026-03-17T20:24:47","date_gmt":"2026-03-17T23:24:47","guid":{"rendered":"https:\/\/jeffersonisac.adv.br\/index.php\/2026\/03\/17\/camara-aprova-urgencia-ao-projeto-que-aumenta-limite-de-faturamento-para-mei\/"},"modified":"2026-03-17T20:24:47","modified_gmt":"2026-03-17T23:24:47","slug":"camara-aprova-urgencia-ao-projeto-que-aumenta-limite-de-faturamento-para-mei","status":"publish","type":"post","link":"https:\/\/jeffersonisac.adv.br\/index.php\/2026\/03\/17\/camara-aprova-urgencia-ao-projeto-que-aumenta-limite-de-faturamento-para-mei\/","title":{"rendered":"C\u00e2mara aprova urg\u00eancia ao projeto que aumenta limite de faturamento para MEI"},"content":{"rendered":"<div class=\"image-container\">\n<div class=\"midia-creditos\"><em>Bruno Spada\/C\u00e2mara dos Deputados<\/em><\/div>\n<div class=\"media-wrapper\"><\/div>\n<div class=\"midia-legenda\">Hugo Motta: a proposta ser\u00e1 votada no Plen\u00e1rio ap\u00f3s negocia\u00e7\u00e3o com l\u00edderes partid\u00e1rios<\/div>\n<\/div>\n<p>A C\u00e2mara dos Deputados aprovou nesta ter\u00e7a-feira (17) o regime de <span class=\"termoGlossario\">urg\u00eancia<\/span> para o <a href=\"https:\/\/www.camara.leg.br\/noticias\/845632-projeto-aumenta-limite-de-faturamento-para-microempreendedor-individual\">Projeto de Lei Complementar 108\/21<\/a>, do Senado, que aumenta para R$ 130 mil a receita bruta anual permitida para enquadramento como Microempreendedor Individual (MEI). A proposta ainda autoriza o MEI a contratar at\u00e9 dois empregados.<\/p>\n<p>Os projetos com urg\u00eancia podem ser votados diretamente no Plen\u00e1rio, sem passar antes pelas comiss\u00f5es da C\u00e2mara.<\/p>\n<p>Segundo o presidente da C\u00e2mara, Hugo Motta (Republicanos-PB), a aprova\u00e7\u00e3o da urg\u00eancia por unanimidade deixa &#8220;muito precisa&#8221; a vontade de se avan\u00e7ar no aumento do limite de valor para os microempreendedores. &#8220;Trataremos com os l\u00edderes, daremos a oportunidade de todos os envolvidos se manifestarem e, no momento oportuno, com o amadurecimento que a mat\u00e9ria requer, traremos ao Plen\u00e1rio&#8221;, disse.<\/p>\n<p><a href=\"https:\/\/www.camara.leg.br\/noticias\/606442-conheca-a-tramitacao-de-projetos-de-lei-complementar\/\">Saiba mais sobre a tramita\u00e7\u00e3o de projetos de lei complementar<\/a><\/p>","protected":false},"excerpt":{"rendered":"<p>Bruno Spada\/C\u00e2mara dos Deputados Hugo Motta: a proposta ser\u00e1 votada no Plen\u00e1rio ap\u00f3s negocia\u00e7\u00e3o com l\u00edderes partid\u00e1rios A C\u00e2mara dos Deputados aprovou nesta ter\u00e7a-feira (17) o regime de urg\u00eancia para o Projeto de Lei Complementar 108\/21, do Senado, que aumenta para R$ 130 mil a receita bruta anual permitida para enquadramento como Microempreendedor Individual (MEI). [&hellip;]<\/p>\n","protected":false},"author":0,"featured_media":0,"comment_status":"open","ping_status":"open","sticky":false,"template":"","format":"standard","meta":{"footnotes":""},"categories":[1],"tags":[],"_links":{"self":[{"href":"https:\/\/jeffersonisac.adv.br\/index.php\/wp-json\/wp\/v2\/posts\/15677"}],"collection":[{"href":"https:\/\/jeffersonisac.adv.br\/index.php\/wp-json\/wp\/v2\/posts"}],"about":[{"href":"https:\/\/jeffersonisac.adv.br\/index.php\/wp-json\/wp\/v2\/types\/post"}],"replies":[{"embeddable":true,"href":"https:\/\/jeffersonisac.adv.br\/index.php\/wp-json\/wp\/v2\/comments?post=15677"}],"version-history":[{"count":0,"href":"https:\/\/jeffersonisac.adv.br\/index.php\/wp-json\/wp\/v2\/posts\/15677\/revisions"}],"wp:attachment":[{"href":"https:\/\/jeffersonisac.adv.br\/index.php\/wp-json\/wp\/v2\/media?parent=15677"}],"wp:term":[{"taxonomy":"category","embeddable":true,"href":"https:\/\/jeffersonisac.adv.br\/index.php\/wp-json\/wp\/v2\/categories?post=15677"},{"taxonomy":"post_tag","embeddable":true,"href":"https:\/\/jeffersonisac.adv.br\/index.php\/wp-json\/wp\/v2\/tags?post=15677"}],"curies":[{"name":"wp","href":"https:\/\/api.w.org\/{rel}","templated":true}]}}