{"id":15678,"date":"2026-03-17T20:24:47","date_gmt":"2026-03-17T23:24:47","guid":{"rendered":"https:\/\/jeffersonisac.adv.br\/index.php\/2026\/03\/17\/comissao-aprova-criacao-de-programas-de-amparo-para-adultos-vulneraveis\/"},"modified":"2026-03-17T20:24:47","modified_gmt":"2026-03-17T23:24:47","slug":"comissao-aprova-criacao-de-programas-de-amparo-para-adultos-vulneraveis","status":"publish","type":"post","link":"https:\/\/jeffersonisac.adv.br\/index.php\/2026\/03\/17\/comissao-aprova-criacao-de-programas-de-amparo-para-adultos-vulneraveis\/","title":{"rendered":"Comiss\u00e3o aprova cria\u00e7\u00e3o de programas de amparo para adultos vulner\u00e1veis"},"content":{"rendered":"<div class=\"image-container\">\n<div class=\"midia-creditos\"><em>Renato Ara\u00fajo \/ C\u00e2mara dos Deputados<\/em><\/div>\n<div class=\"media-wrapper\"><\/div>\n<div class=\"midia-legenda\">Diego Garcia na CCJ<\/div>\n<\/div>\n<p>A Comiss\u00e3o de Constitui\u00e7\u00e3o e Justi\u00e7a e de Cidadania da C\u00e2mara dos Deputados aprovou nesta ter\u00e7a-feira (17) projeto de lei que prev\u00ea a cria\u00e7\u00e3o de programas socioassistenciais de amparo para adultos entre 18 e 59 anos que precisam de ajuda para atividades b\u00e1sicas, como comer ou ir ao banheiro, e que n\u00e3o t\u00eam apoio da fam\u00edlia ou da comunidade.<\/p>\n<p>A proposta segue para an\u00e1lise do Senado, a menos que haja recurso para que seja votada antes pelo Plen\u00e1rio da C\u00e2mara.<\/p>\n<p>O texto aprovado \u00e9 o Projeto de Lei 10959\/18, do deputado Patrus Ananias (PT-MG), que tamb\u00e9m autoriza o acesso desse grupo a institui\u00e7\u00f5es de longa perman\u00eancia para adultos.<\/p>\n<p>Segundo o autor, a medida preenche uma lacuna na legisla\u00e7\u00e3o atual, <a href=\"https:\/\/www2.camara.leg.br\/legin\/fed\/lei\/1993\/lei-8742-7-dezembro-1993-363163-norma-pl.html\">Lei Org\u00e2nica da Assist\u00eancia Social (Loas)<\/a>, que j\u00e1 prev\u00ea prote\u00e7\u00e3o espec\u00edfica para crian\u00e7as, adolescentes, idosos e pessoas com defici\u00eancia, mas n\u00e3o detalha o atendimento a adultos em situa\u00e7\u00e3o de depend\u00eancia nessa faixa et\u00e1ria.<\/p>\n<p>Durante a an\u00e1lise na CCJ, o relator, deputado Diego Garcia (Republicanos-PR), apresentou <span class=\"termoGlossario\">emenda<\/span> de t\u00e9cnica legislativa para ajustar a numera\u00e7\u00e3o dos novos dispositivos. Isso porque uma lei aprovada em 2024 j\u00e1 havia ocupado a numera\u00e7\u00e3o originalmente prevista no projeto de 2018. A mudan\u00e7a \u00e9 apenas formal e mant\u00e9m o conte\u00fado aprovado pelas comiss\u00f5es de m\u00e9rito anteriores.<\/p>\n<p>\u201cEsse projeto refor\u00e7a o dever estatal de garantir a assist\u00eancia social a quem dela necessitar e concretiza a prote\u00e7\u00e3o de segmentos vulner\u00e1veis, em linha com os objetivos fundamentais da Rep\u00fablica\u201d, disse o relator.<\/p>\n<p><a href=\"https:\/\/www.camara.leg.br\/noticias\/573454-SAIBA-MAIS-SOBRE-A-TRAMITACAO-DE-PROJETOS-DE-LEI\">Saiba mais sobre a tramita\u00e7\u00e3o de projetos de lei<\/a><\/p>","protected":false},"excerpt":{"rendered":"<p>Renato Ara\u00fajo \/ C\u00e2mara dos Deputados Diego Garcia na CCJ A Comiss\u00e3o de Constitui\u00e7\u00e3o e Justi\u00e7a e de Cidadania da C\u00e2mara dos Deputados aprovou nesta ter\u00e7a-feira (17) projeto de lei que prev\u00ea a cria\u00e7\u00e3o de programas socioassistenciais de amparo para adultos entre 18 e 59 anos que precisam de ajuda para atividades b\u00e1sicas, como comer [&hellip;]<\/p>\n","protected":false},"author":0,"featured_media":0,"comment_status":"open","ping_status":"open","sticky":false,"template":"","format":"standard","meta":{"footnotes":""},"categories":[1],"tags":[],"_links":{"self":[{"href":"https:\/\/jeffersonisac.adv.br\/index.php\/wp-json\/wp\/v2\/posts\/15678"}],"collection":[{"href":"https:\/\/jeffersonisac.adv.br\/index.php\/wp-json\/wp\/v2\/posts"}],"about":[{"href":"https:\/\/jeffersonisac.adv.br\/index.php\/wp-json\/wp\/v2\/types\/post"}],"replies":[{"embeddable":true,"href":"https:\/\/jeffersonisac.adv.br\/index.php\/wp-json\/wp\/v2\/comments?post=15678"}],"version-history":[{"count":0,"href":"https:\/\/jeffersonisac.adv.br\/index.php\/wp-json\/wp\/v2\/posts\/15678\/revisions"}],"wp:attachment":[{"href":"https:\/\/jeffersonisac.adv.br\/index.php\/wp-json\/wp\/v2\/media?parent=15678"}],"wp:term":[{"taxonomy":"category","embeddable":true,"href":"https:\/\/jeffersonisac.adv.br\/index.php\/wp-json\/wp\/v2\/categories?post=15678"},{"taxonomy":"post_tag","embeddable":true,"href":"https:\/\/jeffersonisac.adv.br\/index.php\/wp-json\/wp\/v2\/tags?post=15678"}],"curies":[{"name":"wp","href":"https:\/\/api.w.org\/{rel}","templated":true}]}}