{"id":15681,"date":"2026-03-17T22:24:44","date_gmt":"2026-03-18T01:24:44","guid":{"rendered":"https:\/\/jeffersonisac.adv.br\/index.php\/2026\/03\/17\/camara-aprova-regime-de-urgencia-para-12-projetos-de-lei\/"},"modified":"2026-03-17T22:24:44","modified_gmt":"2026-03-18T01:24:44","slug":"camara-aprova-regime-de-urgencia-para-12-projetos-de-lei","status":"publish","type":"post","link":"https:\/\/jeffersonisac.adv.br\/index.php\/2026\/03\/17\/camara-aprova-regime-de-urgencia-para-12-projetos-de-lei\/","title":{"rendered":"C\u00e2mara aprova regime de urg\u00eancia para 12 projetos de lei"},"content":{"rendered":"<div class=\"image-container\">\n<div class=\"midia-creditos\"><em>Kayo Magalh\u00e3es \/ C\u00e2mara dos Deputados<\/em><\/div>\n<div class=\"media-wrapper\"><\/div>\n<div class=\"midia-legenda\">Deputados na sess\u00e3o do Plen\u00e1rio desta ter\u00e7a-feira<\/div>\n<\/div>\n<p>A C\u00e2mara dos Deputados aprovou nesta ter\u00e7a-feira (17) o regime de <span class=\"termoGlossario\">urg\u00eancia<\/span> para 12 propostas. Os projetos com urg\u00eancia podem ser votados diretamente no Plen\u00e1rio, sem passar antes pelas comiss\u00f5es da C\u00e2mara.<\/p>\n<p>Confira as propostas que passam a tramitar com urg\u00eancia:<\/p>\n<p><a class=\"linkProposicao\" href=\"https:\/\/www.camara.leg.br\/noticias\/845632-projeto-aumenta-limite-de-faturamento-para-microempreendedor-individual\">PLP 108\/21<\/a>, do Senado, que aumenta para at\u00e9 R$ 130 mil a receita bruta anual para enquadramento como Microempreendedor Individual (MEI) e autoriza o MEI a contratar at\u00e9 dois empregados;<br \/>\n<a class=\"linkProposicao\" href=\"https:\/\/www.camara.leg.br\/noticias\/848982-projeto-preve-controle-de-qualidade-dos-remedios-apos-comercializacao\">PL 589\/21<\/a>, do Senado, que regulamenta a farmacovigil\u00e2ncia, como s\u00e3o conhecidas as inspe\u00e7\u00f5es e as medidas de controle da qualidade dos medicamentos ap\u00f3s a comercializa\u00e7\u00e3o;<br \/>\n<a class=\"linkProposicao\" href=\"https:\/\/www.camara.leg.br\/noticias\/860516-proposta-determina-penalidade-para-quem-descarta-lixo-em-vias-publicas\">PL 580\/22<\/a>, do deputado Kim Kataguiri (Miss\u00e3o-SP), que cobra dos planos municipais de gest\u00e3o integrada de res\u00edduos s\u00f3lidos previs\u00e3o de penas para pessoas f\u00edsicas e jur\u00eddicas que descartarem lixo em espa\u00e7os p\u00fablicos;<br \/>\nPL 6023\/25, do deputado J\u00fanior Ferrari (PSD-PA), que torna obrigat\u00f3ria a identifica\u00e7\u00e3o do perfil gen\u00e9tico de detentos que ingressarem no estabelecimento prisional;<br \/>\nPL 5803\/23, do deputado Cobalchini (MDB-SC), que pro\u00edbe a fabrica\u00e7\u00e3o de sacos de cimento com peso acima de 25 kg;<br \/>\nPL 1404\/25, do deputado Jos\u00e9 Guimar\u00e3es (PT-CE), que autoriza o juiz a determinar a quebra dos sigilos banc\u00e1rio e fiscal do respons\u00e1vel por pens\u00e3o aliment\u00edcia, diante de ind\u00edcios de oculta\u00e7\u00e3o de bens ou insufici\u00eancia de informa\u00e7\u00f5es;<br \/>\nPL 5405\/25, da deputada Greyce Elias (Avante-MG), que estabelece o dia 21 de setembro como o Dia da Autoestima da Mulher Brasileira;<br \/>\nPL 2475\/25, do deputado C\u00e9lio Studart (PSD-CE) e outros, que classifica como <span class=\"termoGlossario\">hediondo<\/span> o crime de maus-tratos aos animais quando resultar em morte do animal;<br \/>\n<a class=\"linkProposicao\" href=\"https:\/\/www.camara.leg.br\/noticias\/224169-projeto-obriga-existencia-de-estoques-minimos-de-alimentos-basicos\">PL 1384\/11<\/a>, do ex-deputado Beto Faro, que amplia a lista de produtos que podem fazer parte dos estoques do governo destinados \u00e0 alimenta\u00e7\u00e3o animal;<br \/>\nPLP 170\/25, do deputado Juarez Costa (MDB-MT), que estabelece a exclus\u00e3o de tributos como <span class=\"termoGlossario\">ICMS<\/span>, <span class=\"termoGlossario\">IPI<\/span>, <span class=\"termoGlossario\">PIS<\/span> e <span class=\"termoGlossario\">Cofins<\/span> da base de c\u00e1lculo do Imposto sobre a Propriedade de Ve\u00edculos Automotores (IPVA);<br \/>\n<a class=\"linkProposicao\" href=\"https:\/\/www.camara.leg.br\/noticias\/912174-proposta-susta-mudanca-nas-regras-para-importacao-de-cacau-africano\">PDL 330\/22<\/a>, do deputado Z\u00e9 Neto (PT-BA), que susta decis\u00e3o da Secretaria de Defesa Agropecu\u00e1ria do Minist\u00e9rio da Agricultura de revogar exig\u00eancia fitossanit\u00e1ria para importa\u00e7\u00e3o de am\u00eandoas de cacau da Costa do Marfim;<br \/>\n<a class=\"linkProposicao\" href=\"https:\/\/www.camara.leg.br\/noticias\/898890-projeto-prioriza-acesso-a-agua-e-ao-esgoto-sanitario-como-direitos-humanos\">PL 1922\/22<\/a>, do deputado Joseildo Ramos (PT-BA) e outros, que inclui o acesso \u00e0 \u00e1gua e ao esgotamento sanit\u00e1rio como direitos humanos para nortear as pol\u00edticas p\u00fablicas de saneamento b\u00e1sico no Pa\u00eds.<\/p>\n<p><a href=\"https:\/\/www.camara.leg.br\/noticias\/573454-SAIBA-MAIS-SOBRE-A-TRAMITACAO-DE-PROJETOS-DE-LEI\">Saiba mais sobre a tramita\u00e7\u00e3o de projetos de lei<\/a><\/p>","protected":false},"excerpt":{"rendered":"<p>Kayo Magalh\u00e3es \/ C\u00e2mara dos Deputados Deputados na sess\u00e3o do Plen\u00e1rio desta ter\u00e7a-feira A C\u00e2mara dos Deputados aprovou nesta ter\u00e7a-feira (17) o regime de urg\u00eancia para 12 propostas. Os projetos com urg\u00eancia podem ser votados diretamente no Plen\u00e1rio, sem passar antes pelas comiss\u00f5es da C\u00e2mara. Confira as propostas que passam a tramitar com urg\u00eancia: PLP [&hellip;]<\/p>\n","protected":false},"author":0,"featured_media":0,"comment_status":"open","ping_status":"open","sticky":false,"template":"","format":"standard","meta":{"footnotes":""},"categories":[1],"tags":[],"_links":{"self":[{"href":"https:\/\/jeffersonisac.adv.br\/index.php\/wp-json\/wp\/v2\/posts\/15681"}],"collection":[{"href":"https:\/\/jeffersonisac.adv.br\/index.php\/wp-json\/wp\/v2\/posts"}],"about":[{"href":"https:\/\/jeffersonisac.adv.br\/index.php\/wp-json\/wp\/v2\/types\/post"}],"replies":[{"embeddable":true,"href":"https:\/\/jeffersonisac.adv.br\/index.php\/wp-json\/wp\/v2\/comments?post=15681"}],"version-history":[{"count":0,"href":"https:\/\/jeffersonisac.adv.br\/index.php\/wp-json\/wp\/v2\/posts\/15681\/revisions"}],"wp:attachment":[{"href":"https:\/\/jeffersonisac.adv.br\/index.php\/wp-json\/wp\/v2\/media?parent=15681"}],"wp:term":[{"taxonomy":"category","embeddable":true,"href":"https:\/\/jeffersonisac.adv.br\/index.php\/wp-json\/wp\/v2\/categories?post=15681"},{"taxonomy":"post_tag","embeddable":true,"href":"https:\/\/jeffersonisac.adv.br\/index.php\/wp-json\/wp\/v2\/tags?post=15681"}],"curies":[{"name":"wp","href":"https:\/\/api.w.org\/{rel}","templated":true}]}}