{"id":15687,"date":"2026-03-18T08:24:55","date_gmt":"2026-03-18T11:24:55","guid":{"rendered":"https:\/\/jeffersonisac.adv.br\/index.php\/2026\/03\/18\/comissao-debate-impactos-da-escala-6x1-sobre-a-dignidade-humana-participe\/"},"modified":"2026-03-18T08:24:55","modified_gmt":"2026-03-18T11:24:55","slug":"comissao-debate-impactos-da-escala-6x1-sobre-a-dignidade-humana-participe","status":"publish","type":"post","link":"https:\/\/jeffersonisac.adv.br\/index.php\/2026\/03\/18\/comissao-debate-impactos-da-escala-6x1-sobre-a-dignidade-humana-participe\/","title":{"rendered":"Comiss\u00e3o debate impactos da escala 6&#215;1 sobre a dignidade humana; participe"},"content":{"rendered":"<div class=\"image-container\">\n<div class=\"midia-creditos\"><em>Michel Corvello\/Prefeitura de Pelotas<\/em><\/div>\n<div class=\"media-wrapper\"><\/div>\n<div class=\"midia-legenda\">A escala de trabalho 6&#215;1 \u00e9 muito utilizada no com\u00e9rcio<\/div>\n<\/div>\n<p>A Comiss\u00e3o de Direitos Humanos, Minorias e Igualdade Racial da C\u00e2mara dos Deputados realiza nesta quarta-feira (18) audi\u00eancia p\u00fablica para discutir os impactos da escala de trabalho 6&#215;1 sobre a dignidade da pessoa humana.<\/p>\n<p>A reuni\u00e3o ser\u00e1 realizada no plen\u00e1rio 9, \u00e0s 16 horas.<\/p>\n<p><a href=\"https:\/\/www.camara.leg.br\/evento-legislativo\/81266\">Veja quem foi convidado e envie suas perguntas<\/a><\/p>\n<p>O debate atende a pedido dos deputados Luiz Couto (PT-PB) e Alice Portugal (PCdoB-BA). Segundo os parlamentares, a escala 6&#215;1 imp\u00f5e aos trabalhadores uma rotina marcada por exaust\u00e3o e pela limita\u00e7\u00e3o do conv\u00edvio familiar e comunit\u00e1rio, al\u00e9m de reduzir o tempo destinado ao descanso, ao lazer, ao estudo e ao cuidado com a sa\u00fade.<\/p>\n<p>Luiz Couto afirma que evid\u00eancias cient\u00edficas indicam que jornadas extensas e per\u00edodos insuficientes de descanso produzem impactos concretos sobre o bem-estar da classe trabalhadora.<\/p>\n<p>Ele cita estudo da Organiza\u00e7\u00e3o Mundial da Sa\u00fade (OMS) e da Organiza\u00e7\u00e3o Internacional do Trabalho (OIT), segundo o qual trabalhar 55 horas ou mais por semana est\u00e1 associado a risco 35% maior de acidente vascular cerebral e 17% maior de morte por cardiopatia isqu\u00eamica em compara\u00e7\u00e3o com jornadas de 35 a 40 horas semanais.<\/p>\n<p>Alice Portugal acrescenta que os efeitos das jornadas extensas atingem de forma desigual diferentes grupos da popula\u00e7\u00e3o. A deputada destaca dados do Instituto Brasileiro de Geografia e Estat\u00edstica (IBGE), segundo os quais as mulheres dedicam, em m\u00e9dia, 21,3 horas semanais aos afazeres dom\u00e9sticos e ao cuidado de pessoas, enquanto os homens, 11,7 horas.<\/p>\n<p>Segundo os parlamentares, a audi\u00eancia p\u00fablica pretende reunir especialistas, representantes do poder p\u00fablico, entidades sindicais e organiza\u00e7\u00f5es da sociedade civil para discutir os efeitos da escala 6&#215;1 e contribuir para a elabora\u00e7\u00e3o de iniciativas legislativas e pol\u00edticas p\u00fablicas voltadas \u00e0 promo\u00e7\u00e3o do trabalho digno e do descanso adequado.<\/p>\n<p><strong>Escala 6&#215;1<\/strong><br \/>\nA escala 6&#215;1 \u00e9 um modelo no qual o funcion\u00e1rio trabalha seis dias consecutivos e folga um, respeitando o limite de 44 horas semanais da <a href=\"https:\/\/www2.camara.leg.br\/legin\/fed\/declei\/1940-1949\/decreto-lei-5452-1-maio-1943-415500-norma-pe.html\">Consolida\u00e7\u00e3o das Leis do Trabalho<\/a> (CLT). Esse sistema \u00e9 muito usado no com\u00e9rcio, em estabelecimentos de sa\u00fade e no setor de servi\u00e7os.<\/p>\n<p>Atualmente, tramitam na C\u00e2mara dos Deputados e no Senado Federal diversas propostas que acabam com a escala 6&#215;1 e\/ou reduzem a jornada semanal de 44 horas dos trabalhadores.<\/p>\n<p><a href=\"https:\/\/www.camara.leg.br\/noticias\/1243714-motta-encaminha-a-comissao-de-constituicao-e-justica-proposta-que-preve-o-fim-da-escala-6x1\/\">Hugo Motta encaminha \u00e0 CCJ proposta que prev\u00ea o fim da escala 6&#215;1<\/a><\/p>","protected":false},"excerpt":{"rendered":"<p>Michel Corvello\/Prefeitura de Pelotas A escala de trabalho 6&#215;1 \u00e9 muito utilizada no com\u00e9rcio A Comiss\u00e3o de Direitos Humanos, Minorias e Igualdade Racial da C\u00e2mara dos Deputados realiza nesta quarta-feira (18) audi\u00eancia p\u00fablica para discutir os impactos da escala de trabalho 6&#215;1 sobre a dignidade da pessoa humana. A reuni\u00e3o ser\u00e1 realizada no plen\u00e1rio 9, [&hellip;]<\/p>\n","protected":false},"author":0,"featured_media":0,"comment_status":"open","ping_status":"open","sticky":false,"template":"","format":"standard","meta":{"footnotes":""},"categories":[1],"tags":[],"_links":{"self":[{"href":"https:\/\/jeffersonisac.adv.br\/index.php\/wp-json\/wp\/v2\/posts\/15687"}],"collection":[{"href":"https:\/\/jeffersonisac.adv.br\/index.php\/wp-json\/wp\/v2\/posts"}],"about":[{"href":"https:\/\/jeffersonisac.adv.br\/index.php\/wp-json\/wp\/v2\/types\/post"}],"replies":[{"embeddable":true,"href":"https:\/\/jeffersonisac.adv.br\/index.php\/wp-json\/wp\/v2\/comments?post=15687"}],"version-history":[{"count":0,"href":"https:\/\/jeffersonisac.adv.br\/index.php\/wp-json\/wp\/v2\/posts\/15687\/revisions"}],"wp:attachment":[{"href":"https:\/\/jeffersonisac.adv.br\/index.php\/wp-json\/wp\/v2\/media?parent=15687"}],"wp:term":[{"taxonomy":"category","embeddable":true,"href":"https:\/\/jeffersonisac.adv.br\/index.php\/wp-json\/wp\/v2\/categories?post=15687"},{"taxonomy":"post_tag","embeddable":true,"href":"https:\/\/jeffersonisac.adv.br\/index.php\/wp-json\/wp\/v2\/tags?post=15687"}],"curies":[{"name":"wp","href":"https:\/\/api.w.org\/{rel}","templated":true}]}}