{"id":15689,"date":"2026-03-18T09:25:15","date_gmt":"2026-03-18T12:25:15","guid":{"rendered":"https:\/\/jeffersonisac.adv.br\/index.php\/2026\/03\/18\/comissoes-discutem-doenca-renal-cronica\/"},"modified":"2026-03-18T09:25:15","modified_gmt":"2026-03-18T12:25:15","slug":"comissoes-discutem-doenca-renal-cronica","status":"publish","type":"post","link":"https:\/\/jeffersonisac.adv.br\/index.php\/2026\/03\/18\/comissoes-discutem-doenca-renal-cronica\/","title":{"rendered":"Comiss\u00f5es discutem doen\u00e7a renal cr\u00f4nica"},"content":{"rendered":"<div class=\"image-container\">\n<div class=\"midia-creditos\"><em>Vinicius Loures \/ C\u00e2mara dos Deputados<\/em><\/div>\n<div class=\"media-wrapper\"><\/div>\n<div class=\"midia-legenda\">Deputado Weliton Prado pediu o debate sobre doen\u00e7a renal cr\u00f4nica<\/div>\n<\/div>\n<p>A Comiss\u00e3o de Defesa dos Direitos da Pessoa Idosa e a <span class=\"termoGlossario\">comiss\u00e3o especial<\/span> da C\u00e2mara dos Deputados criada para acompanhar as a\u00e7\u00f5es de combate ao c\u00e2ncer no Brasil re\u00fanem-se nesta quarta-feira (18) para debaterem a doen\u00e7a renal cr\u00f4nica (DRC) e outras doen\u00e7as.<\/p>\n<p>O debate ser\u00e1 realizado \u00e0s 14h30, no plen\u00e1rio 6.<\/p>\n<p><a href=\"https:\/\/www.camara.leg.br\/evento-legislativo\/81256\">Veja quem foi convidado<\/a><\/p>\n<p>A audi\u00eancia p\u00fablica atende a pedido do deputado Weliton Prado (Solidariedade-MG).<\/p>\n<p>O deputado explica que a DRC constitui um dos principais problemas de sa\u00fade p\u00fablica no Brasil e no mundo, apresentando elevada preval\u00eancia, progress\u00e3o silenciosa e forte associa\u00e7\u00e3o com as doen\u00e7as cardiovasculares, o acidente vascular cerebral (AVC) e o c\u00e2ncer. \u201cEstudos epidemiol\u00f3gicos demonstram que pacientes com DRC possuem risco significativamente aumentado de eventos cardiovasculares e mortalidade precoce\u201d, esclarece.<\/p>","protected":false},"excerpt":{"rendered":"<p>Vinicius Loures \/ C\u00e2mara dos Deputados Deputado Weliton Prado pediu o debate sobre doen\u00e7a renal cr\u00f4nica A Comiss\u00e3o de Defesa dos Direitos da Pessoa Idosa e a comiss\u00e3o especial da C\u00e2mara dos Deputados criada para acompanhar as a\u00e7\u00f5es de combate ao c\u00e2ncer no Brasil re\u00fanem-se nesta quarta-feira (18) para debaterem a doen\u00e7a renal cr\u00f4nica (DRC) [&hellip;]<\/p>\n","protected":false},"author":0,"featured_media":0,"comment_status":"open","ping_status":"open","sticky":false,"template":"","format":"standard","meta":{"footnotes":""},"categories":[1],"tags":[],"_links":{"self":[{"href":"https:\/\/jeffersonisac.adv.br\/index.php\/wp-json\/wp\/v2\/posts\/15689"}],"collection":[{"href":"https:\/\/jeffersonisac.adv.br\/index.php\/wp-json\/wp\/v2\/posts"}],"about":[{"href":"https:\/\/jeffersonisac.adv.br\/index.php\/wp-json\/wp\/v2\/types\/post"}],"replies":[{"embeddable":true,"href":"https:\/\/jeffersonisac.adv.br\/index.php\/wp-json\/wp\/v2\/comments?post=15689"}],"version-history":[{"count":0,"href":"https:\/\/jeffersonisac.adv.br\/index.php\/wp-json\/wp\/v2\/posts\/15689\/revisions"}],"wp:attachment":[{"href":"https:\/\/jeffersonisac.adv.br\/index.php\/wp-json\/wp\/v2\/media?parent=15689"}],"wp:term":[{"taxonomy":"category","embeddable":true,"href":"https:\/\/jeffersonisac.adv.br\/index.php\/wp-json\/wp\/v2\/categories?post=15689"},{"taxonomy":"post_tag","embeddable":true,"href":"https:\/\/jeffersonisac.adv.br\/index.php\/wp-json\/wp\/v2\/tags?post=15689"}],"curies":[{"name":"wp","href":"https:\/\/api.w.org\/{rel}","templated":true}]}}