{"id":15691,"date":"2026-03-18T11:24:46","date_gmt":"2026-03-18T14:24:46","guid":{"rendered":"https:\/\/jeffersonisac.adv.br\/index.php\/2026\/03\/18\/projeto-proibe-interferencia-de-gestores-escolares-na-avaliacao-de-estudantes\/"},"modified":"2026-03-18T11:24:46","modified_gmt":"2026-03-18T14:24:46","slug":"projeto-proibe-interferencia-de-gestores-escolares-na-avaliacao-de-estudantes","status":"publish","type":"post","link":"https:\/\/jeffersonisac.adv.br\/index.php\/2026\/03\/18\/projeto-proibe-interferencia-de-gestores-escolares-na-avaliacao-de-estudantes\/","title":{"rendered":"Projeto pro\u00edbe interfer\u00eancia de gestores escolares na avalia\u00e7\u00e3o de estudantes"},"content":{"rendered":"<div class=\"image-container\">\n<div class=\"midia-creditos\"><em>Kayo Magalh\u00e3es \/ C\u00e2mara dos Deputados<\/em><\/div>\n<div class=\"media-wrapper\"><\/div>\n<div class=\"midia-legenda\">O autor da proposta, deputado Tarc\u00edsio Motta<\/div>\n<\/div>\n<p>O Projeto de Lei 6517\/25 pro\u00edbe \u00f3rg\u00e3os de gest\u00e3o da educa\u00e7\u00e3o e a dire\u00e7\u00e3o das escolas de interferir nas decis\u00f5es de professores e de conselhos de classe sobre avalia\u00e7\u00e3o, promo\u00e7\u00e3o ou reprova\u00e7\u00e3o de alunos. A C\u00e2mara dos Deputados analisa a proposta.<\/p>\n<p>Pelo projeto, diretores e coordenadores podem participar do debate escolar apresentando argumentos pedag\u00f3gicos, mas n\u00e3o podem impor decis\u00f5es ou coagir os docentes.<\/p>\n<p>O texto define como interfer\u00eancia indevida qualquer orienta\u00e7\u00e3o, ordem, meta, recomenda\u00e7\u00e3o ou pr\u00e1tica institucional que vise definir percentuais m\u00ednimos de aprova\u00e7\u00e3o, inflacionar os resultados ou desconsiderar crit\u00e9rios pedag\u00f3gicos estabelecidos coletivamente.<\/p>\n<p>O autor, deputado Tarc\u00edsio Motta (Psol-RJ), argumenta que a medida visa combater a aprova\u00e7\u00e3o autom\u00e1tica por motivos meramente administrativos ou pol\u00edticos.<\/p>\n<p>\u201cEssas distor\u00e7\u00f5es comprometem a credibilidade das pol\u00edticas educacionais, fragilizam a aprendizagem e mascaram desafios estruturais que deveriam ser enfrentados com investimentos, forma\u00e7\u00e3o docente e pol\u00edticas de equidade\u201d, afirma Motta.<\/p>\n<p><strong>Pr\u00f3ximas etapas<br \/>\n<\/strong>A proposta ser\u00e1 analisada, em <span class=\"termoGlossario\">car\u00e1ter conclusivo<\/span>, pelas comiss\u00f5es de Educa\u00e7\u00e3o; e de Constitui\u00e7\u00e3o e Justi\u00e7a e de Cidadania.<\/p>\n<p>Para virar lei, o texto deve ser aprovado pela C\u00e2mara e pelo Senado.<\/p>\n<p><a href=\"https:\/\/www.camara.leg.br\/noticias\/573454-SAIBA-MAIS-SOBRE-A-TRAMITACAO-DE-PROJETOS-DE-LEI\">Saiba mais sobre a tramita\u00e7\u00e3o de projetos de lei\u00a0<\/a><\/p>","protected":false},"excerpt":{"rendered":"<p>Kayo Magalh\u00e3es \/ C\u00e2mara dos Deputados O autor da proposta, deputado Tarc\u00edsio Motta O Projeto de Lei 6517\/25 pro\u00edbe \u00f3rg\u00e3os de gest\u00e3o da educa\u00e7\u00e3o e a dire\u00e7\u00e3o das escolas de interferir nas decis\u00f5es de professores e de conselhos de classe sobre avalia\u00e7\u00e3o, promo\u00e7\u00e3o ou reprova\u00e7\u00e3o de alunos. A C\u00e2mara dos Deputados analisa a proposta. Pelo [&hellip;]<\/p>\n","protected":false},"author":0,"featured_media":0,"comment_status":"open","ping_status":"open","sticky":false,"template":"","format":"standard","meta":{"footnotes":""},"categories":[1],"tags":[],"_links":{"self":[{"href":"https:\/\/jeffersonisac.adv.br\/index.php\/wp-json\/wp\/v2\/posts\/15691"}],"collection":[{"href":"https:\/\/jeffersonisac.adv.br\/index.php\/wp-json\/wp\/v2\/posts"}],"about":[{"href":"https:\/\/jeffersonisac.adv.br\/index.php\/wp-json\/wp\/v2\/types\/post"}],"replies":[{"embeddable":true,"href":"https:\/\/jeffersonisac.adv.br\/index.php\/wp-json\/wp\/v2\/comments?post=15691"}],"version-history":[{"count":0,"href":"https:\/\/jeffersonisac.adv.br\/index.php\/wp-json\/wp\/v2\/posts\/15691\/revisions"}],"wp:attachment":[{"href":"https:\/\/jeffersonisac.adv.br\/index.php\/wp-json\/wp\/v2\/media?parent=15691"}],"wp:term":[{"taxonomy":"category","embeddable":true,"href":"https:\/\/jeffersonisac.adv.br\/index.php\/wp-json\/wp\/v2\/categories?post=15691"},{"taxonomy":"post_tag","embeddable":true,"href":"https:\/\/jeffersonisac.adv.br\/index.php\/wp-json\/wp\/v2\/tags?post=15691"}],"curies":[{"name":"wp","href":"https:\/\/api.w.org\/{rel}","templated":true}]}}