{"id":15692,"date":"2026-03-18T11:24:46","date_gmt":"2026-03-18T14:24:46","guid":{"rendered":"https:\/\/jeffersonisac.adv.br\/index.php\/2026\/03\/18\/deputada-diz-que-eca-digital-e-um-marco-historico-na-protecao-de-criancas-e-adolescentes-veja-entrevista\/"},"modified":"2026-03-18T11:24:46","modified_gmt":"2026-03-18T14:24:46","slug":"deputada-diz-que-eca-digital-e-um-marco-historico-na-protecao-de-criancas-e-adolescentes-veja-entrevista","status":"publish","type":"post","link":"https:\/\/jeffersonisac.adv.br\/index.php\/2026\/03\/18\/deputada-diz-que-eca-digital-e-um-marco-historico-na-protecao-de-criancas-e-adolescentes-veja-entrevista\/","title":{"rendered":"Deputada diz que ECA Digital \u00e9 um marco hist\u00f3rico na prote\u00e7\u00e3o de crian\u00e7as e adolescentes; veja entrevista"},"content":{"rendered":"<div class=\"video-container youtube youtube-100\">\n<div class=\"midia-creditos\"><em>YouTube<\/em><\/div>\n\n<div class=\"midia-legenda\"><\/div>\n<\/div>\n<p>\u00a0<\/p>\n<p>A deputada Rog\u00e9ria Santos (Republicanos-BA) afirmou que a entrada em vigor do <a class=\"linkLegislacao\" href=\"https:\/\/www2.camara.gov.br\/legin\/fed\/lei\/2025\/lei-15211-17-setembro-2025-797997-norma-pl.html\">Estatuto Digital da Crian\u00e7a e do Adolescente<\/a>\u00a0inaugura um \u201cmarco zero\u201d de prote\u00e7\u00e3o no ambiente digital. O texto passou a valer nesta ter\u00e7a-feira (17).<\/p>\n<p><a href=\"https:\/\/infograficos.camara.leg.br\/eca-digital\/\">Conhe\u00e7a os principais pontos do ECA Digital<\/a><\/p>\n<p>Rog\u00e9ria Santos coordenou um grupo de trabalho na C\u00e2mara em 2025 sobre prote\u00e7\u00e3o de crian\u00e7as e adolescentes em ambiente digital, e a proposta do ECA Digital foi um dos temas debatidos pelo colegiado.<\/p>\n<p>Aprovado pela C\u00e2mara e pelo Senado, o <a href=\"https:\/\/www.camara.leg.br\/noticias\/1201525-NOVA-LEI-PROTEGE-CRIANCAS-CONTRA-ADULTIZACAO-NA-INTERNET\">ECA Digital foi sancionado<\/a> pelo presidente da Rep\u00fablica em 17 de setembro. Mas uma medida provis\u00f3ria editada em seguida (<a href=\"https:\/\/www.camara.leg.br\/noticias\/1201585-medida-provisoria-adianta-para-seis-meses-prazo-para-lei-contra-adultizacao-comecar-a-valer\" target=\"_blank\" rel=\"noopener\">MP 1319\/25<\/a>) deu prazo de 180 dias para que as novas regras entrassem em vigor.<\/p>\n<p><strong>Desafios<\/strong><br \/>\nEm entrevista \u00e0 <em>R\u00e1dio C\u00e2mara<\/em>, nesta ter\u00e7a (17), a deputada Rog\u00e9ria Santos explicou que a lei define regras, meios de fiscaliza\u00e7\u00e3o e responsabilidades para governo, plataformas e fam\u00edlias.<\/p>\n<p>Na avalia\u00e7\u00e3o da deputada, o letramento digital ainda \u00e9 um desafio para pais e respons\u00e1veis. Por outro lado, as empresas tamb\u00e9m precisam oferecer ferramentas claras de prote\u00e7\u00e3o e de monitoramento.<\/p>\n<p>\u201cN\u00f3s n\u00e3o estamos aqui para punir <em>big techs<\/em>, n\u00f3s n\u00e3o estamos aqui para crucificar fam\u00edlias. N\u00f3s estamos aqui para garantir totalmente prote\u00e7\u00e3o e direitos de crian\u00e7as e adolescentes\u201d, afirmou a parlamentar.<\/p>\n<p><a href=\"https:\/\/www.camara.leg.br\/midias-fs\/audio\/2026\/03\/20260317-painel-eletronico-dep-rogria-santos.mp3\">Ou\u00e7a a \u00edntegra da entrevista de Rog\u00e9ria Santos \u00e0 <em>R\u00e1dio C\u00e2mara<\/em><\/a><\/p>\n<p>Rog\u00e9ria Santos relembrou que o grupo de trabalho ouviu especialistas e visitou as plataformas digitais.<\/p>\n<p>\u201cTodo mundo via e tinha ci\u00eancia de tudo que acontecia, porque j\u00e1 n\u00e3o era mais somente na<em> deep web<\/em>; era uma realidade que voc\u00ea via em todas as plataformas, e o ECA veio com a for\u00e7a da legisla\u00e7\u00e3o, da regulamenta\u00e7\u00e3o do ambiente digital&#8221;, disse Rog\u00e9ria. &#8220;\u00c9 um marco hist\u00f3rico em prote\u00e7\u00e3o e garantia de direitos de crian\u00e7as e adolescentes no nosso pa\u00eds&#8221;, comemorou.<\/p>\n<p><strong>Fiscaliza\u00e7\u00e3o<\/strong><br \/>\nRog\u00e9ria Santos avaliou que a aplica\u00e7\u00e3o do ECA Digital ser\u00e1 um grande teste e que o Estado precisar\u00e1 monitorar a implementa\u00e7\u00e3o da norma.<\/p>\n<p>Entre outros pontos, o ECA Digital prev\u00ea:<\/p>\n<p>a verifica\u00e7\u00e3o de idade e regras de acesso para plataformas;<br \/>\na proibi\u00e7\u00e3o de explora\u00e7\u00e3o comercial de conte\u00fados que retratem crian\u00e7as de forma erotizada ou com linguagem adulta; e<br \/>\no combate a conte\u00fados que violem o direito de crian\u00e7as.<\/p>\n<p>A nova lei tamb\u00e9m determina que, at\u00e9 16 anos, o acesso a redes sociais s\u00f3 pode ocorrer com conta vinculada a um respons\u00e1vel, e que as plataformas devem oferecer ferramentas claras para monitorar tempo de uso, contatos e conte\u00fados acessados.<\/p>\n<p>A Ag\u00eancia Nacional de Prote\u00e7\u00e3o de Dados ser\u00e1 o \u00f3rg\u00e3o respons\u00e1vel pela fiscaliza\u00e7\u00e3o do ECA Digital.<\/p>","protected":false},"excerpt":{"rendered":"<p>YouTube \u00a0 A deputada Rog\u00e9ria Santos (Republicanos-BA) afirmou que a entrada em vigor do Estatuto Digital da Crian\u00e7a e do Adolescente\u00a0inaugura um \u201cmarco zero\u201d de prote\u00e7\u00e3o no ambiente digital. O texto passou a valer nesta ter\u00e7a-feira (17). Conhe\u00e7a os principais pontos do ECA Digital Rog\u00e9ria Santos coordenou um grupo de trabalho na C\u00e2mara em 2025 [&hellip;]<\/p>\n","protected":false},"author":0,"featured_media":0,"comment_status":"open","ping_status":"open","sticky":false,"template":"","format":"standard","meta":{"footnotes":""},"categories":[1],"tags":[],"_links":{"self":[{"href":"https:\/\/jeffersonisac.adv.br\/index.php\/wp-json\/wp\/v2\/posts\/15692"}],"collection":[{"href":"https:\/\/jeffersonisac.adv.br\/index.php\/wp-json\/wp\/v2\/posts"}],"about":[{"href":"https:\/\/jeffersonisac.adv.br\/index.php\/wp-json\/wp\/v2\/types\/post"}],"replies":[{"embeddable":true,"href":"https:\/\/jeffersonisac.adv.br\/index.php\/wp-json\/wp\/v2\/comments?post=15692"}],"version-history":[{"count":0,"href":"https:\/\/jeffersonisac.adv.br\/index.php\/wp-json\/wp\/v2\/posts\/15692\/revisions"}],"wp:attachment":[{"href":"https:\/\/jeffersonisac.adv.br\/index.php\/wp-json\/wp\/v2\/media?parent=15692"}],"wp:term":[{"taxonomy":"category","embeddable":true,"href":"https:\/\/jeffersonisac.adv.br\/index.php\/wp-json\/wp\/v2\/categories?post=15692"},{"taxonomy":"post_tag","embeddable":true,"href":"https:\/\/jeffersonisac.adv.br\/index.php\/wp-json\/wp\/v2\/tags?post=15692"}],"curies":[{"name":"wp","href":"https:\/\/api.w.org\/{rel}","templated":true}]}}