{"id":15694,"date":"2026-03-18T12:27:22","date_gmt":"2026-03-18T15:27:22","guid":{"rendered":"https:\/\/jeffersonisac.adv.br\/index.php\/2026\/03\/18\/comissao-debate-programa-agora-tem-especialistas-participe\/"},"modified":"2026-03-18T12:27:22","modified_gmt":"2026-03-18T15:27:22","slug":"comissao-debate-programa-agora-tem-especialistas-participe","status":"publish","type":"post","link":"https:\/\/jeffersonisac.adv.br\/index.php\/2026\/03\/18\/comissao-debate-programa-agora-tem-especialistas-participe\/","title":{"rendered":"Comiss\u00e3o debate Programa Agora Tem Especialistas; participe"},"content":{"rendered":"<div class=\"image-container\">\n<div class=\"midia-creditos\"><em>Paula Fr\u00f3es\/Governo da Bahia<\/em><\/div>\n<div class=\"media-wrapper\"><\/div>\n<div class=\"midia-legenda\">Programa visa acelerar o atendimento de pacientes do SUS<\/div>\n<\/div>\n<p>A Comiss\u00e3o de Sa\u00fade da C\u00e2mara dos Deputados realiza audi\u00eancia p\u00fablica nesta quinta-feira (19) para discutir o Programa Agora Tem Especialistas. O debate atende a pedido do deputado Dr. Frederico (PRD-MG) e est\u00e1 marcado para as 10 horas, no plen\u00e1rio 7.<\/p>\n<p><a href=\"https:\/\/www.camara.leg.br\/evento-legislativo\/81122\">A audi\u00eancia ser\u00e1 interativa; veja quem foi convidado e envie suas perguntas<\/a><\/p>\n<p>O programa, institu\u00eddo em outubro de 2025 pela Lei 15.233\/25, visa ampliar o acesso de pacientes do Sistema \u00danico de Sa\u00fade (SUS) a servi\u00e7os especializados, por meio da oferta de prestadores privados em troca de redu\u00e7\u00e3o em tributos federais.<\/p>\n<p><a href=\"https:\/\/www.camara.leg.br\/noticias\/1209168-PROGRAMA-QUE-ACELERA-ACESSO-A-MEDICOS-ESPECIALISTAS-NO-SUS-AGORA-E-LEI\">Programa que acelera acesso a m\u00e9dicos especialistas no SUS agora \u00e9 lei<\/a><\/p>\n<p>Segundo Dr. Frederico, dados preliminares indicam avan\u00e7os, como a supera\u00e7\u00e3o da meta inicial de 500 m\u00e9dicos especialistas, alcan\u00e7ando 577 profissionais alocados em 187 munic\u00edpios at\u00e9 o final de 2025, al\u00e9m da mobiliza\u00e7\u00e3o de carretas e unidades m\u00f3veis para mutir\u00f5es e teleconsultas.<\/p>\n<p>Contudo, o deputado destaca que, para uma avalia\u00e7\u00e3o mais robusta da efic\u00e1cia e efetividade do programa, \u00e9 preciso examinar indicadores de desempenho, como redu\u00e7\u00e3o do tempo de espera, cobertura geogr\u00e1fica, impactos or\u00e7ament\u00e1rios e integra\u00e7\u00e3o com estados e munic\u00edpios.<\/p>\n<p>&#8220;Aus\u00eancias de m\u00e9tricas claras ou desafios na execu\u00e7\u00e3o poderiam comprometer os objetivos de equidade e efici\u00eancia no SUS, conforme preconizado pela Constitui\u00e7\u00e3o Federal, que garante o direito \u00e0 sa\u00fade como universal e integral&#8221;, diz o deputado.<\/p>\n<p>\u201cA audi\u00eancia p\u00fablica proposta visa subsidiar os parlamentares dessa comiss\u00e3o com informa\u00e7\u00f5es atualizadas e perspectivas diversas, permitindo o debate sobre os acertos, os gargalos e as recomenda\u00e7\u00f5es para aprimoramento do programa\u201d, explica.<\/p>","protected":false},"excerpt":{"rendered":"<p>Paula Fr\u00f3es\/Governo da Bahia Programa visa acelerar o atendimento de pacientes do SUS A Comiss\u00e3o de Sa\u00fade da C\u00e2mara dos Deputados realiza audi\u00eancia p\u00fablica nesta quinta-feira (19) para discutir o Programa Agora Tem Especialistas. O debate atende a pedido do deputado Dr. Frederico (PRD-MG) e est\u00e1 marcado para as 10 horas, no plen\u00e1rio 7. A [&hellip;]<\/p>\n","protected":false},"author":0,"featured_media":0,"comment_status":"open","ping_status":"open","sticky":false,"template":"","format":"standard","meta":{"footnotes":""},"categories":[1],"tags":[],"_links":{"self":[{"href":"https:\/\/jeffersonisac.adv.br\/index.php\/wp-json\/wp\/v2\/posts\/15694"}],"collection":[{"href":"https:\/\/jeffersonisac.adv.br\/index.php\/wp-json\/wp\/v2\/posts"}],"about":[{"href":"https:\/\/jeffersonisac.adv.br\/index.php\/wp-json\/wp\/v2\/types\/post"}],"replies":[{"embeddable":true,"href":"https:\/\/jeffersonisac.adv.br\/index.php\/wp-json\/wp\/v2\/comments?post=15694"}],"version-history":[{"count":0,"href":"https:\/\/jeffersonisac.adv.br\/index.php\/wp-json\/wp\/v2\/posts\/15694\/revisions"}],"wp:attachment":[{"href":"https:\/\/jeffersonisac.adv.br\/index.php\/wp-json\/wp\/v2\/media?parent=15694"}],"wp:term":[{"taxonomy":"category","embeddable":true,"href":"https:\/\/jeffersonisac.adv.br\/index.php\/wp-json\/wp\/v2\/categories?post=15694"},{"taxonomy":"post_tag","embeddable":true,"href":"https:\/\/jeffersonisac.adv.br\/index.php\/wp-json\/wp\/v2\/tags?post=15694"}],"curies":[{"name":"wp","href":"https:\/\/api.w.org\/{rel}","templated":true}]}}