{"id":15695,"date":"2026-03-18T13:25:00","date_gmt":"2026-03-18T16:25:00","guid":{"rendered":"https:\/\/jeffersonisac.adv.br\/index.php\/2026\/03\/18\/procuradoras-da-mulher-reforcam-importancia-de-participacao-feminina-na-politica-veja-a-entrevista\/"},"modified":"2026-03-18T13:25:00","modified_gmt":"2026-03-18T16:25:00","slug":"procuradoras-da-mulher-reforcam-importancia-de-participacao-feminina-na-politica-veja-a-entrevista","status":"publish","type":"post","link":"https:\/\/jeffersonisac.adv.br\/index.php\/2026\/03\/18\/procuradoras-da-mulher-reforcam-importancia-de-participacao-feminina-na-politica-veja-a-entrevista\/","title":{"rendered":"Procuradoras da Mulher refor\u00e7am import\u00e2ncia de participa\u00e7\u00e3o feminina na pol\u00edtica; veja a entrevista"},"content":{"rendered":"<div class=\"video-container youtube youtube-100\">\n<div class=\"midia-creditos\"><em>YouTube<\/em><\/div>\n\n<div class=\"midia-legenda\"><\/div>\n<\/div>\n<p>\u00a0<\/p>\n<p>A C\u00e2mara dos Deputados sedia nesta quarta-feira (18) o 6\u00ba Encontro Nacional de Procuradoras da Mulher. O evento recebe mais de 500 participantes de todo o pa\u00eds, entre deputadas federais, estaduais e vereadoras.<\/p>\n<p>A programa\u00e7\u00e3o prev\u00ea debates sobre o enfrentamento \u00e0 viol\u00eancia contra a mulher, a amplia\u00e7\u00e3o da representatividade feminina nos espa\u00e7os de poder e o aperfei\u00e7oamento das procuradorias como canais de acolhimento e orienta\u00e7\u00e3o.<\/p>\n<p>Em entrevista \u00e0 <em>R\u00e1dio C\u00e2mara<\/em> nesta quarta-feira, a procuradora da Mulher da C\u00e2mara, deputada Coronel Fernanda (PL-MT), refor\u00e7ou a import\u00e2ncia de as procuradorias atuarem em rede em todo o pa\u00eds.<\/p>\n<p>Desde 2021, h\u00e1 uma rede nacional de procuradorias da Mulher, com 22 procuradorias nos legislativos estaduais e mais de 700 em c\u00e2maras municipais.<\/p>\n<p>\u201cA mulher n\u00e3o entra na pol\u00edtica por poder, ela entra por uma causa&#8221;, disse Fernanda. &#8220;E, quando estamos em rede, abrimos um canal para que a mulher se sinta protegida. A procuradoria \u00e9 o Procon da mulher&#8221;, comparou.<\/p>\n<p>Coronel Fernanda participou da entrevista acompanhada das procuradoras-adjuntas Maria Rosas (Republicanos-SP) e Fl\u00e1via Morais (PDT-GO).<\/p>\n<p><a href=\"https:\/\/www.camara.leg.br\/midias-fs\/audio\/2026\/03\/20260318-painel-eletronico-dep-coronel-fernanda-dep-maria-rosas-e-dep-flvia-morais.mp3\">Ou\u00e7a a \u00edntegra da entrevista na <em>R\u00e1dio C\u00e2mara<\/em><\/a><\/p>\n<p><strong>Informa\u00e7\u00e3o<\/strong><br \/>\nSegundo a deputada Maria Rosas, um ponto importante a ser trabalhado no combate \u00e0 viol\u00eancia de g\u00eanero \u00e9 a informa\u00e7\u00e3o.\u00a0\u201cUm grande problema hoje \u00e9 a desinforma\u00e7\u00e3o e hoje esse encontro [das procuradoras] veio para isso.&#8221;<\/p>\n<p>\u201cEsse encontro \u00e9 de forma\u00e7\u00e3o pol\u00edtica e tamb\u00e9m de capacita\u00e7\u00e3o para o trabalho delas como procuradoras nas c\u00e2maras municipais&#8221;, afirmou Fl\u00e1via Morais. &#8220;Essas procuradorias bem qualificadas, bem capacitadas, ser\u00e3o espa\u00e7o importante de encorajamento, de empoderamento das mulheres que querem e podem participar da pol\u00edtica\u201d, afirmou Fl\u00e1via Morais, lembrando que desta vez o encontro acontece em ano de elei\u00e7\u00f5es gerais.<\/p>\n<p>O 6\u00ba Encontro Nacional das Procuradoras da Mulher pode ser acompanhado pelo <a href=\"https:\/\/www.youtube.com\/@camaradosdeputadosoficial\">canal da C\u00e2mara dos Deputados no YouTube<\/a>.<\/p>\n<p>\u00a0<\/p>\n<div><\/div>\n<p>\u00a0<\/p>","protected":false},"excerpt":{"rendered":"<p>YouTube \u00a0 A C\u00e2mara dos Deputados sedia nesta quarta-feira (18) o 6\u00ba Encontro Nacional de Procuradoras da Mulher. O evento recebe mais de 500 participantes de todo o pa\u00eds, entre deputadas federais, estaduais e vereadoras. A programa\u00e7\u00e3o prev\u00ea debates sobre o enfrentamento \u00e0 viol\u00eancia contra a mulher, a amplia\u00e7\u00e3o da representatividade feminina nos espa\u00e7os de [&hellip;]<\/p>\n","protected":false},"author":0,"featured_media":0,"comment_status":"open","ping_status":"open","sticky":false,"template":"","format":"standard","meta":{"footnotes":""},"categories":[1],"tags":[],"_links":{"self":[{"href":"https:\/\/jeffersonisac.adv.br\/index.php\/wp-json\/wp\/v2\/posts\/15695"}],"collection":[{"href":"https:\/\/jeffersonisac.adv.br\/index.php\/wp-json\/wp\/v2\/posts"}],"about":[{"href":"https:\/\/jeffersonisac.adv.br\/index.php\/wp-json\/wp\/v2\/types\/post"}],"replies":[{"embeddable":true,"href":"https:\/\/jeffersonisac.adv.br\/index.php\/wp-json\/wp\/v2\/comments?post=15695"}],"version-history":[{"count":0,"href":"https:\/\/jeffersonisac.adv.br\/index.php\/wp-json\/wp\/v2\/posts\/15695\/revisions"}],"wp:attachment":[{"href":"https:\/\/jeffersonisac.adv.br\/index.php\/wp-json\/wp\/v2\/media?parent=15695"}],"wp:term":[{"taxonomy":"category","embeddable":true,"href":"https:\/\/jeffersonisac.adv.br\/index.php\/wp-json\/wp\/v2\/categories?post=15695"},{"taxonomy":"post_tag","embeddable":true,"href":"https:\/\/jeffersonisac.adv.br\/index.php\/wp-json\/wp\/v2\/tags?post=15695"}],"curies":[{"name":"wp","href":"https:\/\/api.w.org\/{rel}","templated":true}]}}