{"id":15696,"date":"2026-03-18T13:25:00","date_gmt":"2026-03-18T16:25:00","guid":{"rendered":"https:\/\/jeffersonisac.adv.br\/index.php\/2026\/03\/18\/projeto-determina-a-divulgacao-de-inventario-de-imoveis-publicos\/"},"modified":"2026-03-18T13:25:00","modified_gmt":"2026-03-18T16:25:00","slug":"projeto-determina-a-divulgacao-de-inventario-de-imoveis-publicos","status":"publish","type":"post","link":"https:\/\/jeffersonisac.adv.br\/index.php\/2026\/03\/18\/projeto-determina-a-divulgacao-de-inventario-de-imoveis-publicos\/","title":{"rendered":"Projeto determina a divulga\u00e7\u00e3o de invent\u00e1rio de im\u00f3veis p\u00fablicos"},"content":{"rendered":"<div class=\"image-container\">\n<div class=\"midia-creditos\"><em>Bruno Spada\/C\u00e2mara dos Deputados<\/em><\/div>\n<div class=\"media-wrapper\"><\/div>\n<div class=\"midia-legenda\">Andr\u00e9 Fernandes, autor da proposta<\/div>\n<\/div>\n<p>O Projeto de Lei 6562\/25 obriga a Uni\u00e3o, os estados, o Distrito Federal e os munic\u00edpios a divulgarem um invent\u00e1rio detalhado e atualizado de bens im\u00f3veis. A medida busca assegurar a transpar\u00eancia ativa sobre o patrim\u00f4nio p\u00fablico.<\/p>\n<p>Pelo texto em an\u00e1lise na C\u00e2mara dos Deputados, qualquer pessoa ter\u00e1 acesso a endere\u00e7o, \u00e1rea constru\u00edda, valor atualizado e situa\u00e7\u00e3o de ocupa\u00e7\u00e3o dos im\u00f3veis. A proposta determina ainda a divulga\u00e7\u00e3o dos custos anuais de manuten\u00e7\u00e3o e de vigil\u00e2ncia.<\/p>\n<p><strong>Norma alterada<\/strong><br \/>\nA proposta altera a <a class=\"linkLegislacao\" href=\"https:\/\/www2.camara.gov.br\/legin\/fed\/lei\/2011\/lei-12527-18-novembro-2011-611802-norma-pl.html\">Lei de Acesso \u00e0 Informa\u00e7\u00e3o (LAI)<\/a>. O objetivo \u00e9 incluir a nova obrigatoriedade de divulga\u00e7\u00e3o do invent\u00e1rio nos portais de transpar\u00eancia de cada governo, em formato de dados abertos e com atualiza\u00e7\u00e3o trimestral.<\/p>\n<p>\u201cO cidad\u00e3o pagador de impostos n\u00e3o tem a menor ideia de quantos im\u00f3veis o governo possui, onde est\u00e3o localizados ou quem est\u00e1 usufruindo deles\u201d, disse o deputado Andr\u00e9 Fernandes (PL-CE), na justificativa que acompanha a proposta.<\/p>\n<p><strong>Pr\u00f3ximos passos<\/strong><br \/>\nO projeto ser\u00e1 analisado, em <span class=\"termoGlossario\">car\u00e1ter conclusivo<\/span>, pela Comiss\u00e3o de Administra\u00e7\u00e3o e Servi\u00e7o P\u00fablico e pela Comiss\u00e3o de Constitui\u00e7\u00e3o e Justi\u00e7a e de Cidadania.<\/p>\n<p>Para virar lei, o texto ter\u00e1 de ser aprovado pela C\u00e2mara e pelo Senado.<\/p>\n<p><a href=\"https:\/\/www.camara.leg.br\/noticias\/573454-SAIBA-MAIS-SOBRE-A-TRAMITACAO-DE-PROJETOS-DE-LEI\">Saiba mais sobre a tramita\u00e7\u00e3o de projetos de lei<\/a><\/p>","protected":false},"excerpt":{"rendered":"<p>Bruno Spada\/C\u00e2mara dos Deputados Andr\u00e9 Fernandes, autor da proposta O Projeto de Lei 6562\/25 obriga a Uni\u00e3o, os estados, o Distrito Federal e os munic\u00edpios a divulgarem um invent\u00e1rio detalhado e atualizado de bens im\u00f3veis. A medida busca assegurar a transpar\u00eancia ativa sobre o patrim\u00f4nio p\u00fablico. Pelo texto em an\u00e1lise na C\u00e2mara dos Deputados, qualquer [&hellip;]<\/p>\n","protected":false},"author":0,"featured_media":0,"comment_status":"open","ping_status":"open","sticky":false,"template":"","format":"standard","meta":{"footnotes":""},"categories":[1],"tags":[],"_links":{"self":[{"href":"https:\/\/jeffersonisac.adv.br\/index.php\/wp-json\/wp\/v2\/posts\/15696"}],"collection":[{"href":"https:\/\/jeffersonisac.adv.br\/index.php\/wp-json\/wp\/v2\/posts"}],"about":[{"href":"https:\/\/jeffersonisac.adv.br\/index.php\/wp-json\/wp\/v2\/types\/post"}],"replies":[{"embeddable":true,"href":"https:\/\/jeffersonisac.adv.br\/index.php\/wp-json\/wp\/v2\/comments?post=15696"}],"version-history":[{"count":0,"href":"https:\/\/jeffersonisac.adv.br\/index.php\/wp-json\/wp\/v2\/posts\/15696\/revisions"}],"wp:attachment":[{"href":"https:\/\/jeffersonisac.adv.br\/index.php\/wp-json\/wp\/v2\/media?parent=15696"}],"wp:term":[{"taxonomy":"category","embeddable":true,"href":"https:\/\/jeffersonisac.adv.br\/index.php\/wp-json\/wp\/v2\/categories?post=15696"},{"taxonomy":"post_tag","embeddable":true,"href":"https:\/\/jeffersonisac.adv.br\/index.php\/wp-json\/wp\/v2\/tags?post=15696"}],"curies":[{"name":"wp","href":"https:\/\/api.w.org\/{rel}","templated":true}]}}