{"id":15700,"date":"2026-03-18T14:24:55","date_gmt":"2026-03-18T17:24:55","guid":{"rendered":"https:\/\/jeffersonisac.adv.br\/index.php\/2026\/03\/18\/camara-retoma-votacoes-nesta-quarta\/"},"modified":"2026-03-18T14:24:55","modified_gmt":"2026-03-18T17:24:55","slug":"camara-retoma-votacoes-nesta-quarta","status":"publish","type":"post","link":"https:\/\/jeffersonisac.adv.br\/index.php\/2026\/03\/18\/camara-retoma-votacoes-nesta-quarta\/","title":{"rendered":"C\u00e2mara retoma vota\u00e7\u00f5es nesta quarta"},"content":{"rendered":"<div class=\"image-container\">\n<div class=\"midia-creditos\"><em>Bruno Spada\/C\u00e2mara dos Deputados<\/em><\/div>\n<div class=\"media-wrapper\"><\/div>\n<div class=\"midia-legenda\">Plen\u00e1rio durante sess\u00e3o deliberativa<\/div>\n<\/div>\n<p>O Plen\u00e1rio da C\u00e2mara dos Deputados re\u00fane-se nesta quarta-feira (18), a partir das 13h55, e tem como um dos itens da pauta o <a class=\"linkProposicao\" href=\"https:\/\/www.camara.leg.br\/noticias\/634378-projeto-do-governo-cria-novos-mecanismos-para-socorrer-instituicoes-financeiras\">Projeto de Lei Complementar 281\/19<\/a>, que cria o novo regime de resolu\u00e7\u00e3o banc\u00e1ria no Brasil, com regras para salvar ou liquidar bancos em dificuldades financeiras.\u00a0O texto estabelece novos regimes para manter a estabilidade do sistema financeiro em eventuais crises, com aplica\u00e7\u00e3o tamb\u00e9m aos mercados de seguros.<\/p>\n<p><a href=\"https:\/\/www.camara.leg.br\/noticias\/1254147-motta-anuncia-votacao-nesta-semana-de-novo-regime-para-socorrer-ou-liquidar-bancos\/\">O presidente da C\u00e2mara dos Deputados, Hugo Motta (Republicanos-PB), j\u00e1 havia afirmado na segunda (16) que colocaria a proposta em vota\u00e7\u00e3o nesta semana<\/a>.<\/p>\n<p>Entre os 18 itens da pauta, alguns est\u00e3o prontos para vota\u00e7\u00e3o e outros ainda dependem de aprova\u00e7\u00e3o do <span class=\"termoGlossario\">regime de urg\u00eancia<\/span>.<\/p>\n<p>Veja as propostas que podem ser votadas:<\/p>\n<p><a class=\"linkProposicao\" href=\"https:\/\/www.camara.leg.br\/noticias\/439775-projeto-permite-contagem-do-tempo-de-bolsista-e-do-servico-militar-obrigatorio-para-aposentadoria\">PL 6894\/13<\/a> &#8211; Vincula bolsistas de inicia\u00e7\u00e3o cient\u00edfica e estudantes t\u00e9cnicos ao Regime Geral de Previd\u00eancia Social;<br \/>\n<a class=\"linkProposicao\" href=\"https:\/\/www.camara.leg.br\/noticias\/716327-projeto-preve-pena-em-presidio-federal-para-condenados-por-assassinato-de-policiais\">PL 5391\/20<\/a> &#8211; Permite inclus\u00e3o de presos por homic\u00eddio qualificado em pres\u00eddios federais de seguran\u00e7a m\u00e1xima;<br \/>\n<a href=\"https:\/\/www.camara.leg.br\/noticias\/1246626-projeto-de-gestao-compartilhada-de-transporte-urbano-de-passageiros-pode-ser-analisada-pelo-plenario-da-camara\/\">PL 3278\/21<\/a> &#8211; Institui o marco legal do transporte p\u00fablico coletivo urbano;<br \/>\nPL 3780\/23 &#8211; Aumenta penas para crimes como furto, roubo, recepta\u00e7\u00e3o e fraude banc\u00e1ria;<br \/>\nPL 4225\/23 &#8211; Define direitos das pessoas com TDAH e institui dia nacional de conscientiza\u00e7\u00e3o;<br \/>\n<a href=\"https:\/\/www.camara.leg.br\/noticias\/1121471-comissao-aprova-projeto-que-inclui-violencia-contra-filhos-entre-as-formas-de-violencia-contra-a-mulher\/\">PL 3880\/24<\/a> &#8211; Inclui a viol\u00eancia vic\u00e1ria (quando o agressor atinge filhos ou familiares para atingir a mulher) entre as formas de viol\u00eancia dom\u00e9stica previstas na Lei Maria da Penha;<br \/>\n<a href=\"https:\/\/www.camara.leg.br\/noticias\/82116-crimes-de-preconceito-podem-ter-definicao-mais-rigorosa\/\">PL 6418\/05<\/a> &#8211; Define crimes resultantes de discrimina\u00e7\u00e3o e preconceito de ra\u00e7a, cor, etnia, religi\u00e3o ou origem;<br \/>\n<a class=\"linkProposicao\" href=\"https:\/\/www.camara.leg.br\/noticias\/1132602-pec-cria-fundo-de-r-20-bilhoes-para-promover-a-inclusao-social-de-brasileiros-pretos-e-pardos\">PEC 27\/24<\/a> &#8211; Cria o Fundo Nacional de Repara\u00e7\u00e3o Econ\u00f4mica e Promo\u00e7\u00e3o da Igualdade Racial.<\/p>\n<p><strong>Projetos que podem ter a urg\u00eancia analisada<\/strong><\/p>\n<p><a class=\"linkProposicao\" href=\"https:\/\/www.camara.leg.br\/noticias\/395475-ensinos-fundamental-e-medio-poderao-ter-aulas-de-filosofia-e-sociologia\">PL 4744\/12<\/a> &#8211; Inclui nos curr\u00edculos dos ensinos fundamental e m\u00e9dio as disciplinas de filosofia e sociologia;<br \/>\nPL 3929\/19 &#8211; Estabelece o m\u00ednimo de tr\u00eas horas-aulas semanais de educa\u00e7\u00e3o f\u00edsica nas escolas de educa\u00e7\u00e3o b\u00e1sica;<br \/>\nPL 4281\/23 &#8211; Institui o Dia Nacional do Nascituro;<br \/>\n<a class=\"linkProposicao\" href=\"https:\/\/www.camara.leg.br\/noticias\/1204382-projeto-permite-processos-no-cade-para-proteger-concorrencia-em-mercados-digitais\">PL 4675\/25<\/a> &#8211; Estabelece medidas para prote\u00e7\u00e3o da concorr\u00eancia em mercados digitais;<br \/>\n<a class=\"linkProposicao\" href=\"https:\/\/www.camara.leg.br\/noticias\/1042469-proposta-torna-crime-hediondo-o-assassinato-de-seguranca-privado\">PL 5744\/23<\/a> &#8211; Torna hediondo o crime de assassinato quando a v\u00edtima for seguran\u00e7a privado;<br \/>\n<a class=\"linkProposicao\" href=\"https:\/\/www.camara.leg.br\/noticias\/631764-projeto-transforma-inmetro-em-orgao-regulatorio-e-transfere-poder-de-policia-para-estados\">PL 5389\/19 <\/a>&#8211; Transforma o Inmetro em ag\u00eancia reguladora e redistribui compet\u00eancias de fiscaliza\u00e7\u00e3o;<br \/>\nPL 3656\/25 &#8211; Institui o Cadastro Nacional de Condenados por Viol\u00eancia Dom\u00e9stica e Familiar contra a Mulher;<br \/>\n<a class=\"linkProposicao\" href=\"https:\/\/www.camara.leg.br\/noticias\/1251486-projeto-de-lei-estabelece-regras-para-combater-a-odio-contra-mulheres-na-internet\">PL 6194\/25<\/a> &#8211; Estabelece regras para combater o \u00f3dio contra mulheres na internet;<br \/>\nPRC 2\/26 &#8211; Institui o M\u00eas da Escuta Cidad\u00e3 e da Participa\u00e7\u00e3o Popular e o Selo C\u00e2mara de Respeito \u00e0 Voz do Cidad\u00e3o.<\/p>\n<p><a href=\"https:\/\/www.camara.leg.br\/evento-legislativo\/81344\">Veja a pauta completa<\/a><\/p>","protected":false},"excerpt":{"rendered":"<p>Bruno Spada\/C\u00e2mara dos Deputados Plen\u00e1rio durante sess\u00e3o deliberativa O Plen\u00e1rio da C\u00e2mara dos Deputados re\u00fane-se nesta quarta-feira (18), a partir das 13h55, e tem como um dos itens da pauta o Projeto de Lei Complementar 281\/19, que cria o novo regime de resolu\u00e7\u00e3o banc\u00e1ria no Brasil, com regras para salvar ou liquidar bancos em dificuldades [&hellip;]<\/p>\n","protected":false},"author":0,"featured_media":0,"comment_status":"open","ping_status":"open","sticky":false,"template":"","format":"standard","meta":{"footnotes":""},"categories":[1],"tags":[],"_links":{"self":[{"href":"https:\/\/jeffersonisac.adv.br\/index.php\/wp-json\/wp\/v2\/posts\/15700"}],"collection":[{"href":"https:\/\/jeffersonisac.adv.br\/index.php\/wp-json\/wp\/v2\/posts"}],"about":[{"href":"https:\/\/jeffersonisac.adv.br\/index.php\/wp-json\/wp\/v2\/types\/post"}],"replies":[{"embeddable":true,"href":"https:\/\/jeffersonisac.adv.br\/index.php\/wp-json\/wp\/v2\/comments?post=15700"}],"version-history":[{"count":0,"href":"https:\/\/jeffersonisac.adv.br\/index.php\/wp-json\/wp\/v2\/posts\/15700\/revisions"}],"wp:attachment":[{"href":"https:\/\/jeffersonisac.adv.br\/index.php\/wp-json\/wp\/v2\/media?parent=15700"}],"wp:term":[{"taxonomy":"category","embeddable":true,"href":"https:\/\/jeffersonisac.adv.br\/index.php\/wp-json\/wp\/v2\/categories?post=15700"},{"taxonomy":"post_tag","embeddable":true,"href":"https:\/\/jeffersonisac.adv.br\/index.php\/wp-json\/wp\/v2\/tags?post=15700"}],"curies":[{"name":"wp","href":"https:\/\/api.w.org\/{rel}","templated":true}]}}