{"id":15702,"date":"2026-03-18T15:24:44","date_gmt":"2026-03-18T18:24:44","guid":{"rendered":"https:\/\/jeffersonisac.adv.br\/index.php\/2026\/03\/18\/relator-defende-atualizacao-ampla-do-codigo-de-transito-ouca-a-entrevista\/"},"modified":"2026-03-18T15:24:44","modified_gmt":"2026-03-18T18:24:44","slug":"relator-defende-atualizacao-ampla-do-codigo-de-transito-ouca-a-entrevista","status":"publish","type":"post","link":"https:\/\/jeffersonisac.adv.br\/index.php\/2026\/03\/18\/relator-defende-atualizacao-ampla-do-codigo-de-transito-ouca-a-entrevista\/","title":{"rendered":"Relator defende atualiza\u00e7\u00e3o ampla do C\u00f3digo de Tr\u00e2nsito; ou\u00e7a a entrevista"},"content":{"rendered":"<div class=\"image-container\">\n<div class=\"midia-creditos\"><em>Zeca Ribeiro\/C\u00e2mara dos Deputados<\/em><\/div>\n<div class=\"media-wrapper\"><\/div>\n<div class=\"midia-legenda\">Ribeiro defende tamb\u00e9m o aumento da fiscaliza\u00e7\u00e3o do uso de drogas por motoristas<\/div>\n<\/div>\n<p>O relator da <span class=\"termoGlossario\">comiss\u00e3o especial<\/span> da C\u00e2mara dos Deputados que discute mudan\u00e7as no <a href=\"https:\/\/www2.camara.gov.br\/legin\/fed\/lei\/1997\/lei-9503-23-setembro-1997-372348-norma-pl.html\">C\u00f3digo de Tr\u00e2nsito Brasileiro<\/a> (<a class=\"linkProposicao\" href=\"https:\/\/www.camara.leg.br\/noticias\/690732-projeto-desobriga-formacao-em-autoescola-para-obter-carteira-de-motorista\">PL 8085\/14<\/a>), deputado Aureo Ribeiro (Solidariedade-RJ), defendeu, nesta quarta-feira (18), uma atualiza\u00e7\u00e3o geral da lei.<\/p>\n<p>Em entrevista \u00e0 <em>R\u00e1dio C\u00e2mara<\/em>, nesta quarta-feira (18), Aureo Ribeiro disse que, nos \u00faltimos anos, as mudan\u00e7as na legisla\u00e7\u00e3o de tr\u00e2nsito v\u00eam sendo feitas de forma esparsa, inclusive em rela\u00e7\u00e3o a temas complexos, como a antecipa\u00e7\u00e3o da carteira de motorista para jovens de 16 anos.<\/p>\n<p>\u201cA comiss\u00e3o especial vai ter a oportunidade de discutir por que um jovem de 16 anos pode votar e n\u00e3o pode dirigir? Como a gente vai fazer educa\u00e7\u00e3o de tr\u00e2nsito? \u00c9 pelo Minist\u00e9rio dos Transportes ou pelo Minist\u00e9rio da Educa\u00e7\u00e3o?&#8221;, questiona.<\/p>\n<p><a href=\"https:\/\/www.camara.leg.br\/midias-fs\/audio\/2026\/03\/20260318-painel-eletronico-dep-aureo-ribeiro.mp3\">Ou\u00e7a a \u00edntegra da entrevista de Aureo Ribeiro \u00e0 <em>R\u00e1dio C\u00e2mara<\/em><\/a><\/p>\n<p>Outros temas que precisam ser debatidos na legisla\u00e7\u00e3o de tr\u00e2nsito, segundo Aureo Ribeiro, s\u00e3o as novas regras para habilita\u00e7\u00e3o de motorista, definidas de forma infralegal pelo governo, assim como a pol\u00edtica de uso de radares e limites de velocidade em vias e rodovias e os chamados radares <em>free flow.<\/em><\/p>\n<p>O relator tamb\u00e9m defende o aumento da fiscaliza\u00e7\u00e3o do uso de subst\u00e2ncias entorpecentes por condutores, em um contexto em que, apesar de mudan\u00e7as importantes como a Lei Seca, mortes e acidentes graves continuam sendo registrados nas estradas e ruas do pa\u00eds.<\/p>\n<p>\u201cA Lei Seca foi um grande avan\u00e7o no Brasil. Mas eu vou propor tamb\u00e9m aqui \u2014 e tem um projeto que eu j\u00e1 apresentei \u2014 para que a gente possa fazer tamb\u00e9m teste de droga no condutor, para que a gente possa ter a tranquilidade de ter um motorista apto a dirigir no Brasil\u201d, destacou.<\/p>\n<p><strong>A comiss\u00e3o<\/strong><br \/>\nA Comiss\u00e3o Especial sobre Altera\u00e7\u00e3o no C\u00f3digo de Tr\u00e2nsito Brasileiro faz sua primeira audi\u00eancia p\u00fablica nesta quarta-feira, com a presen\u00e7a de representantes do governo e do setor de forma\u00e7\u00e3o de condutores. O debate tem transmiss\u00e3o pelo <a href=\"https:\/\/www.youtube.com\/channel\/UC-ZkSRh-7UEuwXJQ9UMCFJA\">canal da C\u00e2mara dos Deputados no Youtube<\/a>.<\/p>\n<p>A ideia, segundo Aureo Ribeiro, \u00e9 que o projeto seja votado ainda no primeiro semestre.<\/p>","protected":false},"excerpt":{"rendered":"<p>Zeca Ribeiro\/C\u00e2mara dos Deputados Ribeiro defende tamb\u00e9m o aumento da fiscaliza\u00e7\u00e3o do uso de drogas por motoristas O relator da comiss\u00e3o especial da C\u00e2mara dos Deputados que discute mudan\u00e7as no C\u00f3digo de Tr\u00e2nsito Brasileiro (PL 8085\/14), deputado Aureo Ribeiro (Solidariedade-RJ), defendeu, nesta quarta-feira (18), uma atualiza\u00e7\u00e3o geral da lei. Em entrevista \u00e0 R\u00e1dio C\u00e2mara, nesta [&hellip;]<\/p>\n","protected":false},"author":0,"featured_media":0,"comment_status":"open","ping_status":"open","sticky":false,"template":"","format":"standard","meta":{"footnotes":""},"categories":[1],"tags":[],"_links":{"self":[{"href":"https:\/\/jeffersonisac.adv.br\/index.php\/wp-json\/wp\/v2\/posts\/15702"}],"collection":[{"href":"https:\/\/jeffersonisac.adv.br\/index.php\/wp-json\/wp\/v2\/posts"}],"about":[{"href":"https:\/\/jeffersonisac.adv.br\/index.php\/wp-json\/wp\/v2\/types\/post"}],"replies":[{"embeddable":true,"href":"https:\/\/jeffersonisac.adv.br\/index.php\/wp-json\/wp\/v2\/comments?post=15702"}],"version-history":[{"count":0,"href":"https:\/\/jeffersonisac.adv.br\/index.php\/wp-json\/wp\/v2\/posts\/15702\/revisions"}],"wp:attachment":[{"href":"https:\/\/jeffersonisac.adv.br\/index.php\/wp-json\/wp\/v2\/media?parent=15702"}],"wp:term":[{"taxonomy":"category","embeddable":true,"href":"https:\/\/jeffersonisac.adv.br\/index.php\/wp-json\/wp\/v2\/categories?post=15702"},{"taxonomy":"post_tag","embeddable":true,"href":"https:\/\/jeffersonisac.adv.br\/index.php\/wp-json\/wp\/v2\/tags?post=15702"}],"curies":[{"name":"wp","href":"https:\/\/api.w.org\/{rel}","templated":true}]}}