{"id":15707,"date":"2026-03-18T16:25:13","date_gmt":"2026-03-18T19:25:13","guid":{"rendered":"https:\/\/jeffersonisac.adv.br\/index.php\/2026\/03\/18\/ministro-das-cidades-diz-na-camara-que-2026-sera-o-ano-da-habitacao\/"},"modified":"2026-03-18T16:25:13","modified_gmt":"2026-03-18T19:25:13","slug":"ministro-das-cidades-diz-na-camara-que-2026-sera-o-ano-da-habitacao","status":"publish","type":"post","link":"https:\/\/jeffersonisac.adv.br\/index.php\/2026\/03\/18\/ministro-das-cidades-diz-na-camara-que-2026-sera-o-ano-da-habitacao\/","title":{"rendered":"Ministro das Cidades diz na C\u00e2mara que 2026 ser\u00e1 o \u201cano da habita\u00e7\u00e3o\u201d"},"content":{"rendered":"<div class=\"image-container\">\n<div class=\"midia-creditos\"><em>Vinicius Loures \/ C\u00e2mara dos Deputados<\/em><\/div>\n<div class=\"media-wrapper\"><\/div>\n<div class=\"midia-legenda\">O ministro foi ouvido pela Comiss\u00e3o de Desenvolvimento Urbano da C\u00e2mara<\/div>\n<\/div>\n<p>O ministro das Cidades, Jader Barbalho Filho, disse nesta quarta-feira (18), na Comiss\u00e3o de Desenvolvimento Urbano da C\u00e2mara dos Deputados, que 2026 ser\u00e1 o ano da habita\u00e7\u00e3o no Brasil.<\/p>\n<p>Segundo o ministro, o programa Minha Casa, Minha Vida responde por 53% dos lan\u00e7amentos e das vendas de im\u00f3veis no pa\u00eds.<\/p>\n<p>Ele afirmou que, desde 2009, o programa contratou 9 milh\u00f5es de moradias. Desse total, 2,2 milh\u00f5es foram contratadas ap\u00f3s a retomada pelo atual governo.<\/p>\n<p>\u201cAt\u00e9 o fim de 2026, vamos contratar 1 milh\u00e3o de casas. Ser\u00e1 o maior ciclo de contrata\u00e7\u00f5es da hist\u00f3ria do programa, com gera\u00e7\u00e3o de emprego e renda no pa\u00eds\u201d, disse.<\/p>\n<p>O ministro disse tamb\u00e9m que o programa j\u00e1 injetou R$ 335 bilh\u00f5es na economia desde 2023 e\u00a0destacou o car\u00e1ter social da iniciativa. Segundo ele, 41% dos contratos est\u00e3o na faixa 1, destinada a fam\u00edlias com renda de at\u00e9 R$ 2.800.<\/p>\n<p>O ministro citou ainda o Compra Assistida, modalidade voltada a fam\u00edlias que perderam a moradia em desastres clim\u00e1ticos. Nesses casos, o governo subsidia a compra de um novo im\u00f3vel em at\u00e9 R$ 200 mil.<\/p>\n<div class=\"image-container\">\n<div class=\"midia-creditos\"><em>Vinicius Loures \/ C\u00e2mara dos Deputados<\/em><\/div>\n<div class=\"media-wrapper\"><\/div>\n<div class=\"midia-legenda\">Jader Barbalho Filho destacou car\u00e1ter social do Minha Casa, Minha Vida<\/div>\n<\/div>\n<p><strong>Outros programas<br \/>\n<\/strong>Na audi\u00eancia p\u00fablica, o ministro tamb\u00e9m apresentou dados de outros programas do minist\u00e9rio.<\/p>\n<p>Entre eles est\u00e1 o Periferia Viva, lan\u00e7ado em 2024, que prev\u00ea urbaniza\u00e7\u00e3o de favelas e \u00e1reas perif\u00e9ricas, com saneamento, regulariza\u00e7\u00e3o fundi\u00e1ria, melhorias habitacionais e defini\u00e7\u00e3o de CEP para as moradias.<\/p>\n<p>Na \u00e1rea de saneamento, o ministro disse que foram investidos R$ 60,6 bilh\u00f5es. Ele afirmou que a meta \u00e9 alcan\u00e7ar, at\u00e9 2033, 90% de cobertura de esgotamento sanit\u00e1rio e 99% de abastecimento de \u00e1gua.<\/p>\n<p><strong>Questionamentos<br \/>\n<\/strong>Durante a audi\u00eancia, o deputado Eli Borges (PL-TO) questionou o ministro sobre a falta de saneamento, especialmente nas regi\u00f5es Norte e Nordeste.<\/p>\n<p>\u201cA verdade \u00e9 que o Brasil, sobretudo nas regi\u00f5es Norte e Nordeste, continua precisando de mais investimento. Parece-me que n\u00e3o \u00e9 a pol\u00edtica priorit\u00e1ria do atual presidente, com todo respeito aos colegas aqui\u201d, afirmou.<\/p>\n<p>O ministro disse que os investimentos aumentaram, mas reconheceu que ainda s\u00e3o insuficientes. Segundo ele, a solu\u00e7\u00e3o \u00e9 garantir mais recursos no Or\u00e7amento federal aprovado pelo Poder Legislativo.<\/p>\n<p>A audi\u00eancia p\u00fablica foi solicitada pelo deputado Keniston Braga (MDB-PA). Para ele, os n\u00fameros apresentados pelo Minist\u00e9rio das Cidades s\u00e3o positivos, especialmente em rela\u00e7\u00e3o ao Minha Casa, Minha Vida.<\/p>","protected":false},"excerpt":{"rendered":"<p>Vinicius Loures \/ C\u00e2mara dos Deputados O ministro foi ouvido pela Comiss\u00e3o de Desenvolvimento Urbano da C\u00e2mara O ministro das Cidades, Jader Barbalho Filho, disse nesta quarta-feira (18), na Comiss\u00e3o de Desenvolvimento Urbano da C\u00e2mara dos Deputados, que 2026 ser\u00e1 o ano da habita\u00e7\u00e3o no Brasil. Segundo o ministro, o programa Minha Casa, Minha Vida [&hellip;]<\/p>\n","protected":false},"author":0,"featured_media":0,"comment_status":"open","ping_status":"open","sticky":false,"template":"","format":"standard","meta":{"footnotes":""},"categories":[1],"tags":[],"_links":{"self":[{"href":"https:\/\/jeffersonisac.adv.br\/index.php\/wp-json\/wp\/v2\/posts\/15707"}],"collection":[{"href":"https:\/\/jeffersonisac.adv.br\/index.php\/wp-json\/wp\/v2\/posts"}],"about":[{"href":"https:\/\/jeffersonisac.adv.br\/index.php\/wp-json\/wp\/v2\/types\/post"}],"replies":[{"embeddable":true,"href":"https:\/\/jeffersonisac.adv.br\/index.php\/wp-json\/wp\/v2\/comments?post=15707"}],"version-history":[{"count":0,"href":"https:\/\/jeffersonisac.adv.br\/index.php\/wp-json\/wp\/v2\/posts\/15707\/revisions"}],"wp:attachment":[{"href":"https:\/\/jeffersonisac.adv.br\/index.php\/wp-json\/wp\/v2\/media?parent=15707"}],"wp:term":[{"taxonomy":"category","embeddable":true,"href":"https:\/\/jeffersonisac.adv.br\/index.php\/wp-json\/wp\/v2\/categories?post=15707"},{"taxonomy":"post_tag","embeddable":true,"href":"https:\/\/jeffersonisac.adv.br\/index.php\/wp-json\/wp\/v2\/tags?post=15707"}],"curies":[{"name":"wp","href":"https:\/\/api.w.org\/{rel}","templated":true}]}}