{"id":15711,"date":"2026-03-18T17:24:25","date_gmt":"2026-03-18T20:24:25","guid":{"rendered":"https:\/\/jeffersonisac.adv.br\/index.php\/2026\/03\/18\/comissao-aprova-uso-obrigatorio-do-simbolo-internacional-de-acessibilidade-da-onu\/"},"modified":"2026-03-18T17:24:25","modified_gmt":"2026-03-18T20:24:25","slug":"comissao-aprova-uso-obrigatorio-do-simbolo-internacional-de-acessibilidade-da-onu","status":"publish","type":"post","link":"https:\/\/jeffersonisac.adv.br\/index.php\/2026\/03\/18\/comissao-aprova-uso-obrigatorio-do-simbolo-internacional-de-acessibilidade-da-onu\/","title":{"rendered":"Comiss\u00e3o aprova uso obrigat\u00f3rio do s\u00edmbolo internacional de acessibilidade da ONU"},"content":{"rendered":"<div class=\"image-container\">\n<div class=\"midia-creditos\"><em>Kayo Magalh\u00e3es \/ C\u00e2mara dos Deputados<\/em><\/div>\n<div class=\"media-wrapper\"><\/div>\n<div class=\"midia-legenda\">Diego Garcia, relator da proposta na CCJ<\/div>\n<\/div>\n<p>A Comiss\u00e3o de Constitui\u00e7\u00e3o e Justi\u00e7a e de Cidadania (CCJ) da C\u00e2mara dos Deputados aprovou projeto de lei que torna obrigat\u00f3ria a utiliza\u00e7\u00e3o do s\u00edmbolo internacional de acessibilidade desenvolvido pela Organiza\u00e7\u00e3o das Na\u00e7\u00f5es Unidas em 2015 para identificar servi\u00e7os e locais acess\u00edveis a pessoas com defici\u00eancia.<\/p>\n<p>Considerado neutro, o novo \u00edcone busca atender a todos os tipos de defici\u00eancia e acessibilidade em vez do s\u00edmbolo internacional de acesso, tradicionalmente vinculado \u00e0s pessoas com mobilidade reduzida (a figura de um cadeirante em fundo azul ou negro).<\/p>\n<p>O texto aprovado seguir\u00e1 para a san\u00e7\u00e3o presidencial, a menos que haja recurso para an\u00e1lise do Plen\u00e1rio da C\u00e2mara.<\/p>\n<p>A CCJ aprovou as tr\u00eas <span class=\"termoGlossario\">emendas<\/span> do Senado ao <a class=\"linkProposicao\" href=\"https:\/\/www.camara.leg.br\/noticias\/561223-projeto-exige-atualizacao-de-icone-para-sinalizar-acessibilidade\">Projeto de Lei 2199\/22<\/a>, do deputado Aureo Ribeiro (Solidariedade-RJ). O relator, deputado Diego Garcia (Republicanos-PR), defendeu a aprova\u00e7\u00e3o das emendas, concluindo que todas s\u00e3o constitucionais e tecnicamente adequadas.<\/p>\n<div class=\"image-container\">\n<div class=\"media-wrapper\"><\/div>\n<div class=\"midia-legenda\">S\u00edmbolo internacional de acessibilidade<\/div>\n<\/div>\n<p>Duas delas promovem altera\u00e7\u00f5es de reda\u00e7\u00e3o, como a substitui\u00e7\u00e3o da express\u00e3o &#8220;S\u00edmbolo Internacional de Acesso&#8221; por &#8220;S\u00edmbolo Internacional de Acessibilidade&#8221; no texto do projeto e na lei que define crit\u00e9rios para a coloca\u00e7\u00e3o do s\u00edmbolo (Lei 7.405\/85).<\/p>\n<p>A terceira emenda modificou o projeto para atribuir ao governo federal a tarefa de regulamentar a troca das placas de sinaliza\u00e7\u00e3o, excluindo o trecho que atribu\u00eda essa tarefa ao Conselho Nacional de Tr\u00e2nsito (Contran) e previa um prazo de at\u00e9 tr\u00eas anos para essas a\u00e7\u00f5es.<\/p>\n<p>\u201cAo usar Poder Executivo, a lei respeita a prerrogativa do presidente de decidir, via decreto, qual \u00f3rg\u00e3o (seja o Contran ou outro) ter\u00e1 a expertise para executar a norma\u201d, pontuou Garcia.<\/p>","protected":false},"excerpt":{"rendered":"<p>Kayo Magalh\u00e3es \/ C\u00e2mara dos Deputados Diego Garcia, relator da proposta na CCJ A Comiss\u00e3o de Constitui\u00e7\u00e3o e Justi\u00e7a e de Cidadania (CCJ) da C\u00e2mara dos Deputados aprovou projeto de lei que torna obrigat\u00f3ria a utiliza\u00e7\u00e3o do s\u00edmbolo internacional de acessibilidade desenvolvido pela Organiza\u00e7\u00e3o das Na\u00e7\u00f5es Unidas em 2015 para identificar servi\u00e7os e locais acess\u00edveis [&hellip;]<\/p>\n","protected":false},"author":0,"featured_media":0,"comment_status":"open","ping_status":"open","sticky":false,"template":"","format":"standard","meta":{"footnotes":""},"categories":[1],"tags":[],"_links":{"self":[{"href":"https:\/\/jeffersonisac.adv.br\/index.php\/wp-json\/wp\/v2\/posts\/15711"}],"collection":[{"href":"https:\/\/jeffersonisac.adv.br\/index.php\/wp-json\/wp\/v2\/posts"}],"about":[{"href":"https:\/\/jeffersonisac.adv.br\/index.php\/wp-json\/wp\/v2\/types\/post"}],"replies":[{"embeddable":true,"href":"https:\/\/jeffersonisac.adv.br\/index.php\/wp-json\/wp\/v2\/comments?post=15711"}],"version-history":[{"count":0,"href":"https:\/\/jeffersonisac.adv.br\/index.php\/wp-json\/wp\/v2\/posts\/15711\/revisions"}],"wp:attachment":[{"href":"https:\/\/jeffersonisac.adv.br\/index.php\/wp-json\/wp\/v2\/media?parent=15711"}],"wp:term":[{"taxonomy":"category","embeddable":true,"href":"https:\/\/jeffersonisac.adv.br\/index.php\/wp-json\/wp\/v2\/categories?post=15711"},{"taxonomy":"post_tag","embeddable":true,"href":"https:\/\/jeffersonisac.adv.br\/index.php\/wp-json\/wp\/v2\/tags?post=15711"}],"curies":[{"name":"wp","href":"https:\/\/api.w.org\/{rel}","templated":true}]}}