{"id":15713,"date":"2026-03-18T17:24:25","date_gmt":"2026-03-18T20:24:25","guid":{"rendered":"https:\/\/jeffersonisac.adv.br\/index.php\/2026\/03\/18\/mauro-vieira-defende-acordo-de-cooperacao-com-os-eua-para-combater-o-crime-organizado\/"},"modified":"2026-03-18T17:24:25","modified_gmt":"2026-03-18T20:24:25","slug":"mauro-vieira-defende-acordo-de-cooperacao-com-os-eua-para-combater-o-crime-organizado","status":"publish","type":"post","link":"https:\/\/jeffersonisac.adv.br\/index.php\/2026\/03\/18\/mauro-vieira-defende-acordo-de-cooperacao-com-os-eua-para-combater-o-crime-organizado\/","title":{"rendered":"Mauro Vieira defende acordo de coopera\u00e7\u00e3o com os EUA para combater o crime organizado"},"content":{"rendered":"<div class=\"image-container\">\n<div class=\"midia-creditos\"><em>Zeca Ribeiro \/ C\u00e2mara dos Deputados<\/em><\/div>\n<div class=\"media-wrapper\"><\/div>\n<div class=\"midia-legenda\">Mauro Vieira: &#8220;N\u00e3o podemos deixar que a soberania nacional esteja sob risco&#8221;<\/div>\n<\/div>\n<p>Em audi\u00eancia na Comiss\u00e3o de Rela\u00e7\u00f5es Exteriores e de Defesa Nacional da C\u00e2mara, o ministro das Rela\u00e7\u00f5es Exteriores, Mauro Vieira, foi questionado sobre as posi\u00e7\u00f5es do Brasil em rela\u00e7\u00e3o \u00e0 guerra no Oriente M\u00e9dio. Tamb\u00e9m teve que responder por que o governo n\u00e3o concorda com a possibilidade de os Estados Unidos classificarem organiza\u00e7\u00f5es criminosas brasileiras como terroristas.<\/p>\n<p>O deputado General Pazuello (PL-RJ) disse que o Brasil tem que ter posi\u00e7\u00f5es firmes de apoio aos Estados Unidos.<\/p>\n<p>\u201cN\u00f3s n\u00e3o podemos deixar que um governo como o do Ir\u00e3 massacre dezenas de milhares de pessoas e fique por isso mesmo. Que se arme e busque armamento nuclear e fique por isso mesmo. N\u00f3s precisamos ombrear contra um pa\u00eds que comanda mil\u00edcias terroristas, que n\u00f3s reconhecemos como terroristas tamb\u00e9m. O nosso pa\u00eds n\u00e3o \u00e9 pacifista\u201d, disse.<\/p>\n<p>Mauro Vieira disse que o Brasil condenou tanto as a\u00e7\u00f5es americanas e israelenses quanto as iranianas; mas ressaltou que o in\u00edcio dos ataques, em 28 de fevereiro, ocorreu em meio a negocia\u00e7\u00f5es entre os dois lados sobre a quest\u00e3o nuclear do Ir\u00e3.<\/p>\n<p>Vieira disse que o governo de Om\u00e3, que estava mediando as negocia\u00e7\u00f5es, foi muito claro em afirmar que o Ir\u00e3 vinha aceitando as exig\u00eancias sobre o n\u00e3o desenvolvimento de armas e sobre inspe\u00e7\u00f5es internacionais \u00e0s suas instala\u00e7\u00f5es nucleares.<\/p>\n<p>O deputado Arlindo Chinaglia (PT-SP) ressaltou o pedido de demiss\u00e3o do diretor de contraterrorismo dos Estados Unidos, Joe Kent. Ele justificou a sa\u00edda, afirmando que o Ir\u00e3 n\u00e3o representa uma amea\u00e7a aos Estados Unidos.<\/p>\n<p>O deputado Lucas Redecker (PSDB-RS) defendeu a inten\u00e7\u00e3o americana de classificar as organiza\u00e7\u00f5es criminosas brasileiras como terroristas. Para ele, a medida favorece a ado\u00e7\u00e3o de san\u00e7\u00f5es contra estes grupos.<\/p>\n<p><strong>Acordo com os EUA<\/strong><br \/>\nMas o ministro Mauro Vieira disse que o governo quer um acordo de combate ao narcotr\u00e1fico baseado na coopera\u00e7\u00e3o entre os dois pa\u00edses. Ele tamb\u00e9m lembrou que o Congresso Nacional n\u00e3o aprovou a classifica\u00e7\u00e3o de organiza\u00e7\u00f5es terroristas ao votar um novo texto de combate \u00e0s fac\u00e7\u00f5es criminosas.<\/p>\n<p>\u201cEnt\u00e3o isso permitiria que qualquer tipo de for\u00e7a americana (ex\u00e9rcito ou for\u00e7as armadas dos EUA) viesse ao territ\u00f3rio brasileiro, invadisse o territ\u00f3rio brasileiro para exterminar grupos terroristas, o que fosse. N\u00f3s n\u00e3o podemos deixar que a soberania nacional esteja sob risco ou nas m\u00e3os de pa\u00edses estrangeiros\u201d, afirmou.<\/p>\n<p><strong>Parceria com a China<\/strong><br \/>\nO ministro tamb\u00e9m respondeu requerimento do deputado Gustavo Gayer (PL-GO) sobre um relat\u00f3rio do Congresso americano que menciona a exist\u00eancia de bases militares chinesas no Brasil.<\/p>\n<p>Vieira disse que \u00e9 citado o telesc\u00f3pio Bingo, na Para\u00edba, que \u00e9 uma parceria entre institui\u00e7\u00f5es cient\u00edficas do Brasil, Reino Unido, \u00c1frica do Sul e China.<\/p>\n<p>\u201cO telesc\u00f3pio Bingo vai pesquisar fen\u00f4menos como energia escura, mat\u00e9ria, antimat\u00e9ria, radia\u00e7\u00e3o, entre outros temas de alta relev\u00e2ncia cient\u00edfica. N\u00e3o h\u00e1 absolutamente nenhum elemento operacional, tecnol\u00f3gico ou material que permita associar o telesc\u00f3pio Bingo a atividades de intelig\u00eancia, espionagem, vigil\u00e2ncia ou qualquer objetivo militar\u201d, observou.<\/p>\n<p>J\u00e1 a chamada \u201cesta\u00e7\u00e3o tucano\u201d, tamb\u00e9m citada em relat\u00f3rio norte-americano, segundo o ministro, n\u00e3o existe. Seria um projeto de uma empresa privada da \u00e1rea de telecomunica\u00e7\u00f5es que acabou n\u00e3o saindo do papel.<\/p>","protected":false},"excerpt":{"rendered":"<p>Zeca Ribeiro \/ C\u00e2mara dos Deputados Mauro Vieira: &#8220;N\u00e3o podemos deixar que a soberania nacional esteja sob risco&#8221; Em audi\u00eancia na Comiss\u00e3o de Rela\u00e7\u00f5es Exteriores e de Defesa Nacional da C\u00e2mara, o ministro das Rela\u00e7\u00f5es Exteriores, Mauro Vieira, foi questionado sobre as posi\u00e7\u00f5es do Brasil em rela\u00e7\u00e3o \u00e0 guerra no Oriente M\u00e9dio. Tamb\u00e9m teve que [&hellip;]<\/p>\n","protected":false},"author":0,"featured_media":0,"comment_status":"open","ping_status":"open","sticky":false,"template":"","format":"standard","meta":{"footnotes":""},"categories":[1],"tags":[],"_links":{"self":[{"href":"https:\/\/jeffersonisac.adv.br\/index.php\/wp-json\/wp\/v2\/posts\/15713"}],"collection":[{"href":"https:\/\/jeffersonisac.adv.br\/index.php\/wp-json\/wp\/v2\/posts"}],"about":[{"href":"https:\/\/jeffersonisac.adv.br\/index.php\/wp-json\/wp\/v2\/types\/post"}],"replies":[{"embeddable":true,"href":"https:\/\/jeffersonisac.adv.br\/index.php\/wp-json\/wp\/v2\/comments?post=15713"}],"version-history":[{"count":0,"href":"https:\/\/jeffersonisac.adv.br\/index.php\/wp-json\/wp\/v2\/posts\/15713\/revisions"}],"wp:attachment":[{"href":"https:\/\/jeffersonisac.adv.br\/index.php\/wp-json\/wp\/v2\/media?parent=15713"}],"wp:term":[{"taxonomy":"category","embeddable":true,"href":"https:\/\/jeffersonisac.adv.br\/index.php\/wp-json\/wp\/v2\/categories?post=15713"},{"taxonomy":"post_tag","embeddable":true,"href":"https:\/\/jeffersonisac.adv.br\/index.php\/wp-json\/wp\/v2\/tags?post=15713"}],"curies":[{"name":"wp","href":"https:\/\/api.w.org\/{rel}","templated":true}]}}