{"id":15717,"date":"2026-03-18T19:26:05","date_gmt":"2026-03-18T22:26:05","guid":{"rendered":"https:\/\/jeffersonisac.adv.br\/index.php\/2026\/03\/18\/ministro-do-esporte-faz-balanco-e-destaca-parceria-com-congresso-antes-de-deixar-cargo\/"},"modified":"2026-03-18T19:26:05","modified_gmt":"2026-03-18T22:26:05","slug":"ministro-do-esporte-faz-balanco-e-destaca-parceria-com-congresso-antes-de-deixar-cargo","status":"publish","type":"post","link":"https:\/\/jeffersonisac.adv.br\/index.php\/2026\/03\/18\/ministro-do-esporte-faz-balanco-e-destaca-parceria-com-congresso-antes-de-deixar-cargo\/","title":{"rendered":"Ministro do Esporte faz balan\u00e7o e destaca parceria com Congresso antes de deixar cargo"},"content":{"rendered":"<div class=\"image-container\">\n<div class=\"midia-creditos\"><em>Vinicius Loures \/ C\u00e2mara dos Deputados<\/em><\/div>\n<div class=\"media-wrapper\"><\/div>\n<div class=\"midia-legenda\">Andr\u00e9 Fufuca: gest\u00e3o recuperou projetos e estruturas que estavam parados<\/div>\n<\/div>\n<p>O ministro do Esporte, Andr\u00e9 Fufuca, fez balan\u00e7o da gest\u00e3o e agradeceu a parceria com o Congresso Nacional ap\u00f3s dois anos e sete meses \u00e0 frente do minist\u00e9rio. Ele participou de audi\u00eancia na Comiss\u00e3o do Esporte da C\u00e2mara dos Deputados nesta quarta-feira (18), \u00e0s v\u00e9speras de retomar o mandato de deputado federal (PP-MA).<\/p>\n<p>Fufuca afirmou que deixa o minist\u00e9rio com programas retomados e obras conclu\u00eddas. Segundo ele, a gest\u00e3o recuperou projetos interrompidos e estruturas esportivas que estavam paradas.<\/p>\n<p>O ministro destacou a rela\u00e7\u00e3o com o Congresso como fator para os resultados. Ele citou a san\u00e7\u00e3o de 19 leis na \u00e1rea do esporte e o aumento do or\u00e7amento, de R$ 600 milh\u00f5es, em 2023, para R$ 2,4 bilh\u00f5es em 2026.<\/p>\n<p>Entre os avan\u00e7os, Fufuca ressaltou a <a href=\"https:\/\/www2.camara.gov.br\/legin\/fed\/leicom\/2025\/leicomplementar-222-26-novembro-2025-798353-norma-pl.html\">Lei de Incentivo ao Esporte<\/a>. Segundo ele, a medida garante financiamento cont\u00ednuo para projetos esportivos.<\/p>\n<p>Ele afirmou que mais de 10 mil n\u00facleos esportivos s\u00e3o mantidos pela lei e que mais de 3 milh\u00f5es de pessoas s\u00e3o atendidas regularmente. A norma \u00e9, segundo o ministro, o principal instrumento de financiamento do esporte educacional no pa\u00eds.<\/p>\n<p>Fufuca tamb\u00e9m agradeceu a aprova\u00e7\u00e3o da proposta que cria a Universidade Federal do Esporte (PL 6133\/25). O texto est\u00e1 em an\u00e1lise no Senado e prev\u00ea atua\u00e7\u00e3o em ci\u00eancia, forma\u00e7\u00e3o e pol\u00edticas p\u00fablicas do setor.<\/p>\n<p>O ministro pediu ainda apoio a propostas que viabilizam a Copa do Mundo Feminina de 2027 no Brasil, incluindo medida provis\u00f3ria (MP 1335\/26) e projetos de lei em an\u00e1lise na C\u00e2mara dos Deputados.<\/p>\n<div class=\"image-container\">\n<div class=\"midia-creditos\"><em>Vinicius Loures \/ C\u00e2mara dos Deputados<\/em><\/div>\n<div class=\"media-wrapper\"><\/div>\n<div class=\"midia-legenda\">Saulo Pedroso destacou a entrega de obras e a efici\u00eancia administrativa<\/div>\n<\/div>\n<p><strong>Elogios \u00e0 gest\u00e3o<br \/>\n<\/strong>O presidente da Comiss\u00e3o do Esporte, deputado Saulo Pedroso (PSD-SP), elogiou a gest\u00e3o e destacou a entrega de obras e a efici\u00eancia administrativa.<\/p>\n<p>Parlamentares da oposi\u00e7\u00e3o tamb\u00e9m elogiaram o trabalho. O deputado Luiz Lima (Novo-RJ) afirmou que v\u00ea a\u00e7\u00f5es positivas na gest\u00e3o.<\/p>\n<p><strong>Programas e investimentos<br \/>\n<\/strong>No balan\u00e7o, o ministro citou investimentos do Novo Programa de Acelera\u00e7\u00e3o do Crescimento (Novo PAC). Foram R$ 850 milh\u00f5es aplicados em cerca de 500 munic\u00edpios, principalmente na constru\u00e7\u00e3o de arenas em \u00e1reas de maior vulnerabilidade social.<\/p>\n<p>Ele tamb\u00e9m destacou o Programa Bolsa Atleta, que atende mais de 10 mil atletas em 2025 e tem or\u00e7amento de R$ 177 milh\u00f5es neste ano. Segundo Fufuca, todos os medalhistas ol\u00edmpicos e paral\u00edmpicos do Brasil em Paris, em 2024, foram beneficiados pelo programa.<\/p>\n<p>O presidente do Comit\u00ea Ol\u00edmpico do Brasil (COB), Marco Ant\u00f4nio La Porta, disse que o setor lamenta a sa\u00edda do ministro e elogiou a interlocu\u00e7\u00e3o com o governo.<\/p>\n<p>Outro programa citado foi o TEAtivo, que promove a inclus\u00e3o esportiva de mais de 4 mil pessoas com transtorno do espectro autista (TEA) em 19 n\u00facleos no pa\u00eds.<\/p>","protected":false},"excerpt":{"rendered":"<p>Vinicius Loures \/ C\u00e2mara dos Deputados Andr\u00e9 Fufuca: gest\u00e3o recuperou projetos e estruturas que estavam parados O ministro do Esporte, Andr\u00e9 Fufuca, fez balan\u00e7o da gest\u00e3o e agradeceu a parceria com o Congresso Nacional ap\u00f3s dois anos e sete meses \u00e0 frente do minist\u00e9rio. Ele participou de audi\u00eancia na Comiss\u00e3o do Esporte da C\u00e2mara dos [&hellip;]<\/p>\n","protected":false},"author":0,"featured_media":0,"comment_status":"open","ping_status":"open","sticky":false,"template":"","format":"standard","meta":{"footnotes":""},"categories":[1],"tags":[],"_links":{"self":[{"href":"https:\/\/jeffersonisac.adv.br\/index.php\/wp-json\/wp\/v2\/posts\/15717"}],"collection":[{"href":"https:\/\/jeffersonisac.adv.br\/index.php\/wp-json\/wp\/v2\/posts"}],"about":[{"href":"https:\/\/jeffersonisac.adv.br\/index.php\/wp-json\/wp\/v2\/types\/post"}],"replies":[{"embeddable":true,"href":"https:\/\/jeffersonisac.adv.br\/index.php\/wp-json\/wp\/v2\/comments?post=15717"}],"version-history":[{"count":0,"href":"https:\/\/jeffersonisac.adv.br\/index.php\/wp-json\/wp\/v2\/posts\/15717\/revisions"}],"wp:attachment":[{"href":"https:\/\/jeffersonisac.adv.br\/index.php\/wp-json\/wp\/v2\/media?parent=15717"}],"wp:term":[{"taxonomy":"category","embeddable":true,"href":"https:\/\/jeffersonisac.adv.br\/index.php\/wp-json\/wp\/v2\/categories?post=15717"},{"taxonomy":"post_tag","embeddable":true,"href":"https:\/\/jeffersonisac.adv.br\/index.php\/wp-json\/wp\/v2\/tags?post=15717"}],"curies":[{"name":"wp","href":"https:\/\/api.w.org\/{rel}","templated":true}]}}