{"id":15718,"date":"2026-03-18T19:26:05","date_gmt":"2026-03-18T22:26:05","guid":{"rendered":"https:\/\/jeffersonisac.adv.br\/index.php\/2026\/03\/18\/comissao-aprova-regras-para-exposicao-on-line-de-imagens-e-dados-pessoais-de-menores-pelos-pais\/"},"modified":"2026-03-18T19:26:05","modified_gmt":"2026-03-18T22:26:05","slug":"comissao-aprova-regras-para-exposicao-on-line-de-imagens-e-dados-pessoais-de-menores-pelos-pais","status":"publish","type":"post","link":"https:\/\/jeffersonisac.adv.br\/index.php\/2026\/03\/18\/comissao-aprova-regras-para-exposicao-on-line-de-imagens-e-dados-pessoais-de-menores-pelos-pais\/","title":{"rendered":"Comiss\u00e3o aprova regras para exposi\u00e7\u00e3o on-line de imagens e dados pessoais de menores pelos pais"},"content":{"rendered":"<div class=\"image-container\">\n<div class=\"midia-creditos\"><em>Vinicius Loures\/C\u00e2mara dos Deputados<\/em><\/div>\n<div class=\"media-wrapper\"><\/div>\n<div class=\"midia-legenda\">Laura Carneiro, relatora da proposta na CCJ<\/div>\n<\/div>\n<p>A Comiss\u00e3o de Constitui\u00e7\u00e3o e Justi\u00e7a e de Cidadania da C\u00e2mara dos Deputados aprovou proposta que altera o <a href=\"https:\/\/www2.camara.leg.br\/legin\/fed\/lei\/1990\/lei-8069-13-julho-1990-372211-norma-pl.html\">Estatuto da Crian\u00e7a e do Adolescente<\/a> e o <a href=\"https:\/\/www2.camara.leg.br\/legin\/fed\/lei\/2002\/lei-10406-10-janeiro-2002-432893-norma-pl.html\">C\u00f3digo Civil<\/a> para proteger a privacidade e dados pessoais de crian\u00e7as e adolescentes em publica\u00e7\u00f5es e compartilhamentos de conte\u00fados online. O texto aprovado seguir\u00e1 para o Senado, a menos que haja recurso para an\u00e1lise do Plen\u00e1rio da C\u00e2mara.<\/p>\n<p>Hoje o ECA j\u00e1 garante a esse p\u00fablico o direito ao respeito, incluindo a inviolabilidade f\u00edsica, ps\u00edquica e moral, al\u00e9m de prote\u00e7\u00e3o \u00e0 imagem e \u00e0 identidade. O texto aprovado mant\u00e9m essa base, mas adiciona a &#8220;privacidade&#8221; e os &#8220;dados pessoais&#8221; na lista de prote\u00e7\u00f5es.<\/p>\n<p><strong>Provedores<\/strong><br \/>\nO projeto tamb\u00e9m cria obriga\u00e7\u00f5es para provedores de redes sociais, que dever\u00e3o remover links ou conte\u00fados que exponham menores a situa\u00e7\u00f5es vexat\u00f3rias ou de risco ap\u00f3s serem notificados pelos respons\u00e1veis.<\/p>\n<p>Se o material for divulgado por meio de an\u00fancios pagos, a plataforma dever\u00e1 agir por conta pr\u00f3pria, sem a necessidade de aviso pr\u00e9vio. A medida continua v\u00e1lida mesmo que a v\u00edtima j\u00e1 tenha completado 18 anos na data do pedido.<\/p>\n<p>A comiss\u00e3o aprovou a <a href=\"https:\/\/www.camara.leg.br\/proposicoesWeb\/prop_mostrarintegra?codteor=3092621&amp;filename=Parecer-CCJC-2026-03-04\">vers\u00e3o da relatora<\/a>, deputada Laura Carneiro (PSD-RJ), para o Projeto de Lei 4776\/23, da deputada L\u00eddice da Mata (PSB-BA), e do apensado (PL 1779\/24).<\/p>\n<p>Laura Carneiro sustenta que o novo texto harmoniza o projeto com o ECA Digital, que entrou em vigor recentemente. \u201cAs altera\u00e7\u00f5es refor\u00e7am a ampla pol\u00edtica p\u00fablica j\u00e1 criada pelo ECA Digital, instituindo obriga\u00e7\u00f5es claras para as plataformas, que passam a ter um dever de cuidado na prote\u00e7\u00e3o de crian\u00e7as e adolescentes em \u00e2mbito digital\u201d, diz a relatora.<\/p>\n<p>O projeto, por fim, tamb\u00e9m obriga a administra\u00e7\u00e3o p\u00fablica a realizar campanhas educativas para orientar as fam\u00edlias sobre os perigos da exposi\u00e7\u00e3o digital excessiva. Essas a\u00e7\u00f5es poder\u00e3o contar com a parceria de escolas e empresas de tecnologia.<\/p>\n<p><a href=\"https:\/\/www.camara.leg.br\/noticias\/573454-SAIBA-MAIS-SOBRE-A-TRAMITACAO-DE-PROJETOS-DE-LEI\">Saiba mais sobre a tramita\u00e7\u00e3o de projetos de lei<\/a><\/p>","protected":false},"excerpt":{"rendered":"<p>Vinicius Loures\/C\u00e2mara dos Deputados Laura Carneiro, relatora da proposta na CCJ A Comiss\u00e3o de Constitui\u00e7\u00e3o e Justi\u00e7a e de Cidadania da C\u00e2mara dos Deputados aprovou proposta que altera o Estatuto da Crian\u00e7a e do Adolescente e o C\u00f3digo Civil para proteger a privacidade e dados pessoais de crian\u00e7as e adolescentes em publica\u00e7\u00f5es e compartilhamentos de [&hellip;]<\/p>\n","protected":false},"author":0,"featured_media":0,"comment_status":"open","ping_status":"open","sticky":false,"template":"","format":"standard","meta":{"footnotes":""},"categories":[1],"tags":[],"_links":{"self":[{"href":"https:\/\/jeffersonisac.adv.br\/index.php\/wp-json\/wp\/v2\/posts\/15718"}],"collection":[{"href":"https:\/\/jeffersonisac.adv.br\/index.php\/wp-json\/wp\/v2\/posts"}],"about":[{"href":"https:\/\/jeffersonisac.adv.br\/index.php\/wp-json\/wp\/v2\/types\/post"}],"replies":[{"embeddable":true,"href":"https:\/\/jeffersonisac.adv.br\/index.php\/wp-json\/wp\/v2\/comments?post=15718"}],"version-history":[{"count":0,"href":"https:\/\/jeffersonisac.adv.br\/index.php\/wp-json\/wp\/v2\/posts\/15718\/revisions"}],"wp:attachment":[{"href":"https:\/\/jeffersonisac.adv.br\/index.php\/wp-json\/wp\/v2\/media?parent=15718"}],"wp:term":[{"taxonomy":"category","embeddable":true,"href":"https:\/\/jeffersonisac.adv.br\/index.php\/wp-json\/wp\/v2\/categories?post=15718"},{"taxonomy":"post_tag","embeddable":true,"href":"https:\/\/jeffersonisac.adv.br\/index.php\/wp-json\/wp\/v2\/tags?post=15718"}],"curies":[{"name":"wp","href":"https:\/\/api.w.org\/{rel}","templated":true}]}}