{"id":15720,"date":"2026-03-18T19:26:06","date_gmt":"2026-03-18T22:26:06","guid":{"rendered":"https:\/\/jeffersonisac.adv.br\/index.php\/2026\/03\/18\/deputados-da-oposicao-e-da-base-do-governo-defendem-manutencao-de-autoescolas\/"},"modified":"2026-03-18T19:26:06","modified_gmt":"2026-03-18T22:26:06","slug":"deputados-da-oposicao-e-da-base-do-governo-defendem-manutencao-de-autoescolas","status":"publish","type":"post","link":"https:\/\/jeffersonisac.adv.br\/index.php\/2026\/03\/18\/deputados-da-oposicao-e-da-base-do-governo-defendem-manutencao-de-autoescolas\/","title":{"rendered":"Deputados da oposi\u00e7\u00e3o e da base do governo defendem manuten\u00e7\u00e3o de autoescolas"},"content":{"rendered":"<div class=\"image-container\">\n<div class=\"midia-creditos\"><em>Vinicius Loures \/ C\u00e2mara dos Deputados<\/em><\/div>\n<div class=\"media-wrapper\"><\/div>\n<div class=\"midia-legenda\">Reuni\u00e3o sobre o tema lotou seis plen\u00e1rios da C\u00e2mara com profissionais do setor<\/div>\n<\/div>\n<p class=\"mb-2 whitespace-pre-wrap\">Deputados da base do governo e da oposi\u00e7\u00e3o defenderam nesta quarta-feira (18), na C\u00e2mara dos Deputados, a necessidade de manuten\u00e7\u00e3o da obrigatoriedade dos Centros de Forma\u00e7\u00e3o de Condutores (CFCs) para a obten\u00e7\u00e3o da Carteira Nacional de Habilita\u00e7\u00e3o (CNH).<\/p>\n<p class=\"mb-2 whitespace-pre-wrap\">Durante audi\u00eancia p\u00fablica da comiss\u00e3o especial que analisa altera\u00e7\u00f5es no C\u00f3digo de Tr\u00e2nsito Brasileiro (<a class=\"linkProposicao\" href=\"https:\/\/www.camara.leg.br\/noticias\/690732-projeto-desobriga-formacao-em-autoescola-para-obter-carteira-de-motorista\">PL 8085\/14<\/a>), parlamentares criticaram a resolu\u00e7\u00e3o do Conselho Nacional de Tr\u00e2nsito (Contran) de dezembro de 2025, que permite o aprendizado pr\u00e1tico e te\u00f3rico com instrutores aut\u00f4nomos.<\/p>\n<p class=\"mb-2 whitespace-pre-wrap\">A reuni\u00e3o, que teve como tema a seguran\u00e7a vi\u00e1ria, lotou seis plen\u00e1rios da Casa com profissionais do setor. A comiss\u00e3o analisa, al\u00e9m do Projeto de Lei 8085\/14, outras propostas que dispensam a frequ\u00eancia em autoescolas. A tramita\u00e7\u00e3o definir\u00e1 se o c\u00f3digo manter\u00e1 a exig\u00eancia de aulas em institui\u00e7\u00f5es credenciadas ou validar\u00e1 o modelo de instru\u00e7\u00e3o independente, visando \u00e0 desburocratiza\u00e7\u00e3o.<\/p>\n<p class=\"mb-2 whitespace-pre-wrap\">O relator da comiss\u00e3o, deputado Aureo Ribeiro (Solidariedade-RJ), afirmou que seu parecer ser\u00e1 entregue na primeira quinzena de maio. Ele defendeu retirar do Minist\u00e9rio dos Transportes a gest\u00e3o sobre a forma\u00e7\u00e3o de condutores, transferindo a atribui\u00e7\u00e3o ao Minist\u00e9rio da Educa\u00e7\u00e3o. Segundo o deputado, a pasta de infraestrutura foca em rodovias e &#8220;n\u00e3o tem capacidade nem preparo para cuidar de educa\u00e7\u00e3o de tr\u00e2nsito&#8221;.<\/p>\n<div class=\"image-container\">\n<div class=\"midia-creditos\"><em>Vinicius Loures \/ C\u00e2mara dos Deputados<\/em><\/div>\n<div class=\"media-wrapper\"><\/div>\n<div class=\"midia-legenda\">Aureo Ribeiro, relator da proposta, vai apresentar parecer em maio<\/div>\n<\/div>\n<p class=\"mb-2 whitespace-pre-wrap\"><strong>Diverg\u00eancia com o Poder Executivo<br \/>\n<\/strong>O vice-l\u00edder do governo Lindbergh Farias (PT-RJ) divergiu da posi\u00e7\u00e3o adotada pelo Minist\u00e9rio dos Transportes e manifestou preocupa\u00e7\u00e3o com os impactos econ\u00f4micos da medida. O parlamentar alertou que a proposta coloca em risco cerca de 300 mil empregos e pode aumentar a viol\u00eancia no tr\u00e2nsito.<\/p>\n<p class=\"mb-2 whitespace-pre-wrap\">&#8220;Essa hist\u00f3ria de que o mercado se regula \u00e9 falsa. N\u00f3s vamos ter consequ\u00eancias concretas com perda de vidas de pessoas&#8221;, afirmou Lindbergh, que incentivou a mobiliza\u00e7\u00e3o da categoria para reverter a decis\u00e3o.<\/p>\n<p>J\u00e1 o deputado Coronel Meira (PL-PE), que solicitou o debate, defendeu a vota\u00e7\u00e3o urgente do Projeto de Decreto Legislativo 1031\/25), de sua autoria, para sustar os efeitos da resolu\u00e7\u00e3o do Contran. Para ele, a categoria enfrenta uma &#8220;encruzilhada&#8221; devido aos preju\u00edzos acumulados nos \u00faltimos nove meses.<\/p>\n<p>Meira argumentou que a suspens\u00e3o da norma \u00e9 essencial para &#8220;salvar as autoescolas&#8221; e garantir a posterior discuss\u00e3o sobre a obrigatoriedade de itens como duplo comando, baliza e exames m\u00e9dicos e psicot\u00e9cnicos.<\/p>\n<p>A deputada Geovania de S\u00e1 (PSDB-SC) tamb\u00e9m criticou a mudan\u00e7a nas regras. Ela argumentou que o fim da obrigatoriedade das aulas formais pode &#8220;sucatear&#8221; o setor e aumentar os riscos nas estradas.<\/p>\n<p>&#8220;Durante 11 anos que estou nessa casa, eu nunca tinha visto uma audi\u00eancia p\u00fablica com tantas pessoas. Isso mostra a grande necessidade de rever essa injusti\u00e7a social&#8221;, afirmou.<\/p>\n<p class=\"mb-2 whitespace-pre-wrap\">No mesmo sentido, a deputada Laura Carneiro (PSD-RJ) classificou a situa\u00e7\u00e3o atual como &#8220;esdr\u00faxula&#8221; e cobrou rapidez na vota\u00e7\u00e3o das propostas legislativas. A parlamentar criticou a permiss\u00e3o para aulas em ve\u00edculos sem duplo comando e o uso exclusivo de simuladores.<\/p>\n<p class=\"mb-2 whitespace-pre-wrap\">&#8220;Imaginar que voc\u00ea aprende a dirigir no simulador \u00e9 n\u00e3o entender o que \u00e9 dirigir&#8221;, disse.<\/p>","protected":false},"excerpt":{"rendered":"<p>Vinicius Loures \/ C\u00e2mara dos Deputados Reuni\u00e3o sobre o tema lotou seis plen\u00e1rios da C\u00e2mara com profissionais do setor Deputados da base do governo e da oposi\u00e7\u00e3o defenderam nesta quarta-feira (18), na C\u00e2mara dos Deputados, a necessidade de manuten\u00e7\u00e3o da obrigatoriedade dos Centros de Forma\u00e7\u00e3o de Condutores (CFCs) para a obten\u00e7\u00e3o da Carteira Nacional de [&hellip;]<\/p>\n","protected":false},"author":0,"featured_media":0,"comment_status":"open","ping_status":"open","sticky":false,"template":"","format":"standard","meta":{"footnotes":""},"categories":[1],"tags":[],"_links":{"self":[{"href":"https:\/\/jeffersonisac.adv.br\/index.php\/wp-json\/wp\/v2\/posts\/15720"}],"collection":[{"href":"https:\/\/jeffersonisac.adv.br\/index.php\/wp-json\/wp\/v2\/posts"}],"about":[{"href":"https:\/\/jeffersonisac.adv.br\/index.php\/wp-json\/wp\/v2\/types\/post"}],"replies":[{"embeddable":true,"href":"https:\/\/jeffersonisac.adv.br\/index.php\/wp-json\/wp\/v2\/comments?post=15720"}],"version-history":[{"count":0,"href":"https:\/\/jeffersonisac.adv.br\/index.php\/wp-json\/wp\/v2\/posts\/15720\/revisions"}],"wp:attachment":[{"href":"https:\/\/jeffersonisac.adv.br\/index.php\/wp-json\/wp\/v2\/media?parent=15720"}],"wp:term":[{"taxonomy":"category","embeddable":true,"href":"https:\/\/jeffersonisac.adv.br\/index.php\/wp-json\/wp\/v2\/categories?post=15720"},{"taxonomy":"post_tag","embeddable":true,"href":"https:\/\/jeffersonisac.adv.br\/index.php\/wp-json\/wp\/v2\/tags?post=15720"}],"curies":[{"name":"wp","href":"https:\/\/api.w.org\/{rel}","templated":true}]}}