{"id":15721,"date":"2026-03-18T20:29:15","date_gmt":"2026-03-18T23:29:15","guid":{"rendered":"https:\/\/jeffersonisac.adv.br\/index.php\/2026\/03\/18\/comissao-aprova-projeto-que-facilita-matricula-em-cidade-vizinha-mais-proxima-da-residencia\/"},"modified":"2026-03-18T20:29:15","modified_gmt":"2026-03-18T23:29:15","slug":"comissao-aprova-projeto-que-facilita-matricula-em-cidade-vizinha-mais-proxima-da-residencia","status":"publish","type":"post","link":"https:\/\/jeffersonisac.adv.br\/index.php\/2026\/03\/18\/comissao-aprova-projeto-que-facilita-matricula-em-cidade-vizinha-mais-proxima-da-residencia\/","title":{"rendered":"Comiss\u00e3o aprova projeto que facilita matr\u00edcula em cidade vizinha mais pr\u00f3xima da resid\u00eancia"},"content":{"rendered":"<div class=\"image-container\">\n<div class=\"midia-creditos\"><em>Kayo Magalh\u00e3es \/ C\u00e2mara dos Deputados<\/em><\/div>\n<div class=\"media-wrapper\"><\/div>\n<div class=\"midia-legenda\">Julia Zanatta, relatora da proposta na CCJ<\/div>\n<\/div>\n<p>A Comiss\u00e3o de Constitui\u00e7\u00e3o e Justi\u00e7a e de Cidadania da C\u00e2mara dos Deputados aprovou projeto de lei que assegura a alunos da educa\u00e7\u00e3o b\u00e1sica o direito de se matricular na escola mais pr\u00f3xima da sua casa, ainda que em munic\u00edpio vizinho, incluindo o acesso ao transporte escolar.<\/p>\n<p>O texto aprovado muda a <a href=\"https:\/\/www2.camara.leg.br\/legin\/fed\/lei\/1996\/lei-9394-20-dezembro-1996-362578-norma-pl.html\">Lei de Diretrizes e Bases da Educa\u00e7\u00e3o Nacional (LDB)<\/a> e segue para o Senado, a menos que haja recurso para an\u00e1lise do Plen\u00e1rio da C\u00e2mara.<\/p>\n<p>Por recomenda\u00e7\u00e3o da relatora, deputada Julia Zanatta (PL-SC), a comiss\u00e3o aprovou o <span class=\"termoGlossario\">substitutivo<\/span> da Comiss\u00e3o de Educa\u00e7\u00e3o para o <a class=\"linkProposicao\" href=\"https:\/\/www.camara.leg.br\/noticias\/1129227-projeto-permite-matricula-de-aluno-em-escola-publica-do-municipio-vizinho-se-for-a-mais-proxima-da-residencia\">Projeto de Lei 4036\/24<\/a>, do deputado Evair Vieira de Melo (PP-ES). A nova vers\u00e3o inseriu no projeto, al\u00e9m da matr\u00edcula, o direito ao transporte.<\/p>\n<p>Zanata incluiu emenda de reda\u00e7\u00e3o para ajustar a reda\u00e7\u00e3o da proposta, mas defendeu a constitucionalidade e juridicidade da mat\u00e9ria.<\/p>\n<p>\u201cTrata-se de uma legisla\u00e7\u00e3o simples, mas que vai fazer toda a diferen\u00e7a na vida de pais e de m\u00e3es de alunos que se encontram nessa situa\u00e7\u00e3o\u201d, disse a relatora.<\/p>\n<p><a href=\"https:\/\/www.camara.leg.br\/noticias\/573454-SAIBA-MAIS-SOBRE-A-TRAMITACAO-DE-PROJETOS-DE-LEI\">Saiba mais sobre a tramita\u00e7\u00e3o de projetos de lei<\/a><\/p>","protected":false},"excerpt":{"rendered":"<p>Kayo Magalh\u00e3es \/ C\u00e2mara dos Deputados Julia Zanatta, relatora da proposta na CCJ A Comiss\u00e3o de Constitui\u00e7\u00e3o e Justi\u00e7a e de Cidadania da C\u00e2mara dos Deputados aprovou projeto de lei que assegura a alunos da educa\u00e7\u00e3o b\u00e1sica o direito de se matricular na escola mais pr\u00f3xima da sua casa, ainda que em munic\u00edpio vizinho, incluindo [&hellip;]<\/p>\n","protected":false},"author":0,"featured_media":0,"comment_status":"open","ping_status":"open","sticky":false,"template":"","format":"standard","meta":{"footnotes":""},"categories":[1],"tags":[],"_links":{"self":[{"href":"https:\/\/jeffersonisac.adv.br\/index.php\/wp-json\/wp\/v2\/posts\/15721"}],"collection":[{"href":"https:\/\/jeffersonisac.adv.br\/index.php\/wp-json\/wp\/v2\/posts"}],"about":[{"href":"https:\/\/jeffersonisac.adv.br\/index.php\/wp-json\/wp\/v2\/types\/post"}],"replies":[{"embeddable":true,"href":"https:\/\/jeffersonisac.adv.br\/index.php\/wp-json\/wp\/v2\/comments?post=15721"}],"version-history":[{"count":0,"href":"https:\/\/jeffersonisac.adv.br\/index.php\/wp-json\/wp\/v2\/posts\/15721\/revisions"}],"wp:attachment":[{"href":"https:\/\/jeffersonisac.adv.br\/index.php\/wp-json\/wp\/v2\/media?parent=15721"}],"wp:term":[{"taxonomy":"category","embeddable":true,"href":"https:\/\/jeffersonisac.adv.br\/index.php\/wp-json\/wp\/v2\/categories?post=15721"},{"taxonomy":"post_tag","embeddable":true,"href":"https:\/\/jeffersonisac.adv.br\/index.php\/wp-json\/wp\/v2\/tags?post=15721"}],"curies":[{"name":"wp","href":"https:\/\/api.w.org\/{rel}","templated":true}]}}