{"id":15723,"date":"2026-03-18T20:29:15","date_gmt":"2026-03-18T23:29:15","guid":{"rendered":"https:\/\/jeffersonisac.adv.br\/index.php\/2026\/03\/18\/cpmi-do-inss-votara-convites-para-ouvir-galipolo-e-campos-neto\/"},"modified":"2026-03-18T20:29:15","modified_gmt":"2026-03-18T23:29:15","slug":"cpmi-do-inss-votara-convites-para-ouvir-galipolo-e-campos-neto","status":"publish","type":"post","link":"https:\/\/jeffersonisac.adv.br\/index.php\/2026\/03\/18\/cpmi-do-inss-votara-convites-para-ouvir-galipolo-e-campos-neto\/","title":{"rendered":"CPMI do INSS votar\u00e1 convites para ouvir Gal\u00edpolo e Campos Neto"},"content":{"rendered":"<div class=\"image-container\">\n<div class=\"midia-creditos\"><em> Andressa Anholete\/Ag\u00eancia Senado<\/em><\/div>\n<div class=\"media-wrapper\"><\/div>\n<div class=\"midia-legenda\">Senador Carlos Viana, presidente da CPMI do INSS<\/div>\n<\/div>\n<p>O presidente do Banco Central, Gabriel Gal\u00edpolo, e seu antecessor, Roberto Campos Neto, poder\u00e3o ser convidados a falar na Comiss\u00e3o Parlamentar Mista de Inqu\u00e9rito (CPMI) do INSS sobre irregularidades em cr\u00e9ditos consignados concedidos por institui\u00e7\u00f5es financeiras a aposentados e pensionistas.<\/p>\n<p>\u00c9 o que preveem dois requerimentos a serem apreciados pelo colegiado nesta quinta-feira (19), em reuni\u00e3o a ter in\u00edcio \u00e0s 9h.<\/p>\n<p>Outro requerimento a ser votado solicita que sejam compartilhadas pelo presidente da CPI do Crime Organizado, senador Fabiano Contarato, informa\u00e7\u00f5es relacionadas \u00e0s transfer\u00eancias de sigilo fiscal, banc\u00e1rio, telef\u00f4nico e telem\u00e1tico de Fabiano Zettel, cunhado de Daniel Vorcaro, dono do banco Master.<\/p>\n<p>Os tr\u00eas requerimentos foram apresentados pelo senador Carlos Viana (Podemos-MG), que preside a comiss\u00e3o mista (REQs <a href=\"https:\/\/legis.senado.leg.br\/atividade\/comissoes\/comissao\/2794\/reuniao\/14519\/item\/109032\">3168<\/a>, <a href=\"https:\/\/legis.senado.leg.br\/atividade\/comissoes\/comissao\/2794\/reuniao\/14519\/item\/109031\">3169<\/a> e <a href=\"https:\/\/legis.senado.leg.br\/atividade\/comissoes\/comissao\/2794\/reuniao\/14519\/item\/109060\">3172<\/a>, de 2026).<\/p>\n<p>Na mesma reuni\u00e3o, est\u00e1 previsto o depoimento do CEO do Banco C6 Consignado S.A., Artur Ildefonso Brotto Azevedo, convocado a depor na comiss\u00e3o na condi\u00e7\u00e3o de testemunha. O requerimento (REQ 3035\/26) foi apresentado pelo relator da comiss\u00e3o, deputado Alfredo Gaspar (Uni\u00e3o-AL).<\/p>\n<p>De acordo com o relator, o banco aparece reiteradamente entre as institui\u00e7\u00f5es com maior n\u00famero de reclama\u00e7\u00f5es na plataforma Consumidor.gov.br, relativas a cr\u00e9dito consignado, cart\u00e3o de cr\u00e9dito consignado e reserva de margem consign\u00e1vel.<\/p>\n<p>A reuni\u00e3o da comiss\u00e3o ser\u00e1 realizada na sala 2 da ala Nilo Coelho, no Senado Federal.<\/p>\n<p><a href=\"https:\/\/legis.senado.leg.br\/atividade\/comissoes\/comissao\/2794\/reuniao\/14519\">Veja a pauta completa e envie suas perguntas<\/a><\/p>","protected":false},"excerpt":{"rendered":"<p>Andressa Anholete\/Ag\u00eancia Senado Senador Carlos Viana, presidente da CPMI do INSS O presidente do Banco Central, Gabriel Gal\u00edpolo, e seu antecessor, Roberto Campos Neto, poder\u00e3o ser convidados a falar na Comiss\u00e3o Parlamentar Mista de Inqu\u00e9rito (CPMI) do INSS sobre irregularidades em cr\u00e9ditos consignados concedidos por institui\u00e7\u00f5es financeiras a aposentados e pensionistas. \u00c9 o que preveem [&hellip;]<\/p>\n","protected":false},"author":0,"featured_media":0,"comment_status":"open","ping_status":"open","sticky":false,"template":"","format":"standard","meta":{"footnotes":""},"categories":[1],"tags":[],"_links":{"self":[{"href":"https:\/\/jeffersonisac.adv.br\/index.php\/wp-json\/wp\/v2\/posts\/15723"}],"collection":[{"href":"https:\/\/jeffersonisac.adv.br\/index.php\/wp-json\/wp\/v2\/posts"}],"about":[{"href":"https:\/\/jeffersonisac.adv.br\/index.php\/wp-json\/wp\/v2\/types\/post"}],"replies":[{"embeddable":true,"href":"https:\/\/jeffersonisac.adv.br\/index.php\/wp-json\/wp\/v2\/comments?post=15723"}],"version-history":[{"count":0,"href":"https:\/\/jeffersonisac.adv.br\/index.php\/wp-json\/wp\/v2\/posts\/15723\/revisions"}],"wp:attachment":[{"href":"https:\/\/jeffersonisac.adv.br\/index.php\/wp-json\/wp\/v2\/media?parent=15723"}],"wp:term":[{"taxonomy":"category","embeddable":true,"href":"https:\/\/jeffersonisac.adv.br\/index.php\/wp-json\/wp\/v2\/categories?post=15723"},{"taxonomy":"post_tag","embeddable":true,"href":"https:\/\/jeffersonisac.adv.br\/index.php\/wp-json\/wp\/v2\/tags?post=15723"}],"curies":[{"name":"wp","href":"https:\/\/api.w.org\/{rel}","templated":true}]}}