{"id":15728,"date":"2026-03-19T10:25:19","date_gmt":"2026-03-19T13:25:19","guid":{"rendered":"https:\/\/jeffersonisac.adv.br\/index.php\/2026\/03\/19\/plenario-pode-votar-projeto-que-permite-que-fundo-de-calamidade-publica-financie-operacao-carro-pipa\/"},"modified":"2026-03-19T10:25:19","modified_gmt":"2026-03-19T13:25:19","slug":"plenario-pode-votar-projeto-que-permite-que-fundo-de-calamidade-publica-financie-operacao-carro-pipa","status":"publish","type":"post","link":"https:\/\/jeffersonisac.adv.br\/index.php\/2026\/03\/19\/plenario-pode-votar-projeto-que-permite-que-fundo-de-calamidade-publica-financie-operacao-carro-pipa\/","title":{"rendered":"Plen\u00e1rio pode votar projeto que permite que fundo de calamidade p\u00fablica financie Opera\u00e7\u00e3o Carro-Pipa"},"content":{"rendered":"<div class=\"image-container\">\n<div class=\"midia-creditos\"><em>Kayo Magalh\u00e3es \/ C\u00e2mara dos Deputados<\/em><\/div>\n<div class=\"media-wrapper\"><\/div>\n<div class=\"midia-legenda\">Plen\u00e1rio\u00a0 da C\u00e2mara durante sess\u00e3o deliberativa<\/div>\n<\/div>\n<p>O Plen\u00e1rio da C\u00e2mara dos Deputados re\u00fane-se nesta quinta-feira (19), a partir das 10 horas, com quatro itens na pauta. Entre eles, proposta que permite ao Fundo Nacional para Calamidades P\u00fablicas, Prote\u00e7\u00e3o e Defesa Civil (Funcap) custear opera\u00e7\u00f5es de distribui\u00e7\u00e3o emergencial de \u00e1gua pot\u00e1vel em regi\u00f5es afetadas por seca prolongada ou estiagem (<a href=\"https:\/\/www.camara.leg.br\/noticias\/1148174-proposta-permite-que-fundo-de-calamidade-publica-financie-operacao-carro-pipa\" target=\"_blank\" rel=\"noopener\">PL 646\/25<\/a>).<\/p>\n<p>Al\u00e9m disso, os deputados podem analisar projetos de decreto legislativo (PDLs) que aprovam acordo de coprodu\u00e7\u00e3o cinematogr\u00e1fica e audiovisual do Brasil com a Fran\u00e7a (PDL 1023\/25) e com a China (PDL 1203\/25).<\/p>\n<p>Outro item em pauta \u00e9 o requerimento para votar, em <span class=\"termoGlossario\">regime de urg\u00eancia<\/span>, o PL 2433\/25, que institui a Semana Nacional da Cultura Evang\u00e9lica, a ser celebrada em dezembro.<\/p>\n<p><a href=\"https:\/\/www.camara.leg.br\/evento-legislativo\/81378\">Veja a pauta<\/a><\/p>","protected":false},"excerpt":{"rendered":"<p>Kayo Magalh\u00e3es \/ C\u00e2mara dos Deputados Plen\u00e1rio\u00a0 da C\u00e2mara durante sess\u00e3o deliberativa O Plen\u00e1rio da C\u00e2mara dos Deputados re\u00fane-se nesta quinta-feira (19), a partir das 10 horas, com quatro itens na pauta. Entre eles, proposta que permite ao Fundo Nacional para Calamidades P\u00fablicas, Prote\u00e7\u00e3o e Defesa Civil (Funcap) custear opera\u00e7\u00f5es de distribui\u00e7\u00e3o emergencial de \u00e1gua [&hellip;]<\/p>\n","protected":false},"author":0,"featured_media":0,"comment_status":"open","ping_status":"open","sticky":false,"template":"","format":"standard","meta":{"footnotes":""},"categories":[1],"tags":[],"_links":{"self":[{"href":"https:\/\/jeffersonisac.adv.br\/index.php\/wp-json\/wp\/v2\/posts\/15728"}],"collection":[{"href":"https:\/\/jeffersonisac.adv.br\/index.php\/wp-json\/wp\/v2\/posts"}],"about":[{"href":"https:\/\/jeffersonisac.adv.br\/index.php\/wp-json\/wp\/v2\/types\/post"}],"replies":[{"embeddable":true,"href":"https:\/\/jeffersonisac.adv.br\/index.php\/wp-json\/wp\/v2\/comments?post=15728"}],"version-history":[{"count":0,"href":"https:\/\/jeffersonisac.adv.br\/index.php\/wp-json\/wp\/v2\/posts\/15728\/revisions"}],"wp:attachment":[{"href":"https:\/\/jeffersonisac.adv.br\/index.php\/wp-json\/wp\/v2\/media?parent=15728"}],"wp:term":[{"taxonomy":"category","embeddable":true,"href":"https:\/\/jeffersonisac.adv.br\/index.php\/wp-json\/wp\/v2\/categories?post=15728"},{"taxonomy":"post_tag","embeddable":true,"href":"https:\/\/jeffersonisac.adv.br\/index.php\/wp-json\/wp\/v2\/tags?post=15728"}],"curies":[{"name":"wp","href":"https:\/\/api.w.org\/{rel}","templated":true}]}}