{"id":15729,"date":"2026-03-19T11:24:30","date_gmt":"2026-03-19T14:24:30","guid":{"rendered":"https:\/\/jeffersonisac.adv.br\/index.php\/2026\/03\/19\/mp-destina-r-13-bilhao-para-municipios-atingidos-por-fortes-chuvas-neste-ano\/"},"modified":"2026-03-19T11:24:30","modified_gmt":"2026-03-19T14:24:30","slug":"mp-destina-r-13-bilhao-para-municipios-atingidos-por-fortes-chuvas-neste-ano","status":"publish","type":"post","link":"https:\/\/jeffersonisac.adv.br\/index.php\/2026\/03\/19\/mp-destina-r-13-bilhao-para-municipios-atingidos-por-fortes-chuvas-neste-ano\/","title":{"rendered":"MP destina R$ 1,3 bilh\u00e3o para munic\u00edpios atingidos por fortes chuvas neste ano"},"content":{"rendered":"<div class=\"image-container\">\n<div class=\"midia-creditos\"><em>T\u00e2nia R\u00eago\/Ag\u00eancia Brasil<\/em><\/div>\n<div class=\"media-wrapper\"><\/div>\n<div class=\"midia-legenda\">Consequ\u00eancias das fortes chuvas em Matias Barbosa (MG)<\/div>\n<\/div>\n<p>A Medida Provis\u00f3ria 1342\/26 abre <span class=\"termoGlossario\">cr\u00e9dito extraordin\u00e1rio<\/span> de R$ 1,3 bilh\u00e3o no Or\u00e7amento de 2026 para a\u00e7\u00f5es emergenciais em \u00e1reas atingidas por fortes chuvas, principalmente em munic\u00edpios de Minas Gerais.<\/p>\n<p>Os recursos ser\u00e3o destinados a iniciativas dos minist\u00e9rios do Desenvolvimento e Assist\u00eancia Social, Fam\u00edlia e Combate \u00e0 Fome; e das Cidades, al\u00e9m de opera\u00e7\u00f5es financeiras do Minist\u00e9rio da Fazenda.<\/p>\n<p>As medidas buscam garantir assist\u00eancia imediata \u00e0s fam\u00edlias, a recupera\u00e7\u00e3o da infraestrutura e o apoio \u00e0 retomada econ\u00f4mica nas regi\u00f5es impactadas no estado mineiro e em outras regi\u00f5es do pa\u00eds.<\/p>\n<p>De acordo com a assessoria do Pal\u00e1cio do Planalto, os recursos ser\u00e3o aplicados nas seguintes \u00e1reas:<\/p>\n<p>Assist\u00eancia Social \u2013 R$ 5 milh\u00f5es ser\u00e3o aplicados diretamente no fortalecimento da rede do Sistema \u00danico de Assist\u00eancia Social em Minas Gerais.<br \/>\nHabita\u00e7\u00e3o \u2013 R$ 500 milh\u00f5es para a integraliza\u00e7\u00e3o de cotas no Fundo de Arrendamento Residencial, viabilizando a contrata\u00e7\u00e3o de cerca de 2,5 mil unidades habitacionais.<br \/>\nCr\u00e9dito \u2013 R$ 300 milh\u00f5es para o Fundo Garantidor de Opera\u00e7\u00f5es, com o objetivo de facilitar o acesso ao cr\u00e9dito para pessoas f\u00edsicas e jur\u00eddicas afetadas por eventos clim\u00e1ticos.<br \/>\nMitiga\u00e7\u00e3o\u00a0\u2013 R$ 500 milh\u00f5es ser\u00e3o direcionados a opera\u00e7\u00f5es de cr\u00e9dito voltadas a a\u00e7\u00f5es de mitiga\u00e7\u00e3o e adapta\u00e7\u00e3o \u00e0s mudan\u00e7as clim\u00e1ticas.<\/p>\n<p>A medida provis\u00f3ria ser\u00e1 analisada pela Comiss\u00e3o Mista de Or\u00e7amento e, em seguida, pelos plen\u00e1rios da C\u00e2mara e do Senado.<\/p>\n<p><a href=\"https:\/\/www.camara.leg.br\/noticias\/573452-saiba-mais-sobre-a-tramitacao-de-mps\/\">Saiba mais sobre a tramita\u00e7\u00e3o de medidas provis\u00f3rias<\/a><\/p>","protected":false},"excerpt":{"rendered":"<p>T\u00e2nia R\u00eago\/Ag\u00eancia Brasil Consequ\u00eancias das fortes chuvas em Matias Barbosa (MG) A Medida Provis\u00f3ria 1342\/26 abre cr\u00e9dito extraordin\u00e1rio de R$ 1,3 bilh\u00e3o no Or\u00e7amento de 2026 para a\u00e7\u00f5es emergenciais em \u00e1reas atingidas por fortes chuvas, principalmente em munic\u00edpios de Minas Gerais. Os recursos ser\u00e3o destinados a iniciativas dos minist\u00e9rios do Desenvolvimento e Assist\u00eancia Social, Fam\u00edlia [&hellip;]<\/p>\n","protected":false},"author":0,"featured_media":0,"comment_status":"open","ping_status":"open","sticky":false,"template":"","format":"standard","meta":{"footnotes":""},"categories":[1],"tags":[],"_links":{"self":[{"href":"https:\/\/jeffersonisac.adv.br\/index.php\/wp-json\/wp\/v2\/posts\/15729"}],"collection":[{"href":"https:\/\/jeffersonisac.adv.br\/index.php\/wp-json\/wp\/v2\/posts"}],"about":[{"href":"https:\/\/jeffersonisac.adv.br\/index.php\/wp-json\/wp\/v2\/types\/post"}],"replies":[{"embeddable":true,"href":"https:\/\/jeffersonisac.adv.br\/index.php\/wp-json\/wp\/v2\/comments?post=15729"}],"version-history":[{"count":0,"href":"https:\/\/jeffersonisac.adv.br\/index.php\/wp-json\/wp\/v2\/posts\/15729\/revisions"}],"wp:attachment":[{"href":"https:\/\/jeffersonisac.adv.br\/index.php\/wp-json\/wp\/v2\/media?parent=15729"}],"wp:term":[{"taxonomy":"category","embeddable":true,"href":"https:\/\/jeffersonisac.adv.br\/index.php\/wp-json\/wp\/v2\/categories?post=15729"},{"taxonomy":"post_tag","embeddable":true,"href":"https:\/\/jeffersonisac.adv.br\/index.php\/wp-json\/wp\/v2\/tags?post=15729"}],"curies":[{"name":"wp","href":"https:\/\/api.w.org\/{rel}","templated":true}]}}