{"id":15730,"date":"2026-03-19T11:24:30","date_gmt":"2026-03-19T14:24:30","guid":{"rendered":"https:\/\/jeffersonisac.adv.br\/index.php\/2026\/03\/19\/plenario-inicia-sessao-para-analisar-propostas-acompanhe-3\/"},"modified":"2026-03-19T11:24:30","modified_gmt":"2026-03-19T14:24:30","slug":"plenario-inicia-sessao-para-analisar-propostas-acompanhe-3","status":"publish","type":"post","link":"https:\/\/jeffersonisac.adv.br\/index.php\/2026\/03\/19\/plenario-inicia-sessao-para-analisar-propostas-acompanhe-3\/","title":{"rendered":"Plen\u00e1rio inicia sess\u00e3o para analisar propostas; acompanhe"},"content":{"rendered":"<div class=\"image-container\">\n<div class=\"midia-creditos\"><em>Kayo Magalh\u00e3es \/ C\u00e2mara dos Deputados<\/em><\/div>\n<div class=\"media-wrapper\"><\/div>\n<div class=\"midia-legenda\">Sess\u00e3o do Plen\u00e1rio da C\u00e2mara<\/div>\n<\/div>\n<p>A C\u00e2mara dos Deputados iniciou a sess\u00e3o deliberativa desta quinta-feira (19). Na pauta est\u00e3o dois acordos internacionais na \u00e1rea de audiovisual, com a Fran\u00e7a e com a China, e o Projeto de Lei 646\/25, que busca assegurar o abastecimento de \u00e1gua a popula\u00e7\u00f5es em \u00e1reas atingidas por seca prolongada ou estiagem.<\/p>\n<p><a href=\"https:\/\/www.camara.leg.br\/evento-legislativo\/81378\">Assista \u00e0 sess\u00e3o ao vivo<\/a><\/p>\n<p><strong>Mais informa\u00e7\u00f5es em instantes<\/strong><\/p>","protected":false},"excerpt":{"rendered":"<p>Kayo Magalh\u00e3es \/ C\u00e2mara dos Deputados Sess\u00e3o do Plen\u00e1rio da C\u00e2mara A C\u00e2mara dos Deputados iniciou a sess\u00e3o deliberativa desta quinta-feira (19). Na pauta est\u00e3o dois acordos internacionais na \u00e1rea de audiovisual, com a Fran\u00e7a e com a China, e o Projeto de Lei 646\/25, que busca assegurar o abastecimento de \u00e1gua a popula\u00e7\u00f5es em [&hellip;]<\/p>\n","protected":false},"author":0,"featured_media":0,"comment_status":"open","ping_status":"open","sticky":false,"template":"","format":"standard","meta":{"footnotes":""},"categories":[1],"tags":[],"_links":{"self":[{"href":"https:\/\/jeffersonisac.adv.br\/index.php\/wp-json\/wp\/v2\/posts\/15730"}],"collection":[{"href":"https:\/\/jeffersonisac.adv.br\/index.php\/wp-json\/wp\/v2\/posts"}],"about":[{"href":"https:\/\/jeffersonisac.adv.br\/index.php\/wp-json\/wp\/v2\/types\/post"}],"replies":[{"embeddable":true,"href":"https:\/\/jeffersonisac.adv.br\/index.php\/wp-json\/wp\/v2\/comments?post=15730"}],"version-history":[{"count":0,"href":"https:\/\/jeffersonisac.adv.br\/index.php\/wp-json\/wp\/v2\/posts\/15730\/revisions"}],"wp:attachment":[{"href":"https:\/\/jeffersonisac.adv.br\/index.php\/wp-json\/wp\/v2\/media?parent=15730"}],"wp:term":[{"taxonomy":"category","embeddable":true,"href":"https:\/\/jeffersonisac.adv.br\/index.php\/wp-json\/wp\/v2\/categories?post=15730"},{"taxonomy":"post_tag","embeddable":true,"href":"https:\/\/jeffersonisac.adv.br\/index.php\/wp-json\/wp\/v2\/tags?post=15730"}],"curies":[{"name":"wp","href":"https:\/\/api.w.org\/{rel}","templated":true}]}}