{"id":15731,"date":"2026-03-19T11:24:30","date_gmt":"2026-03-19T14:24:30","guid":{"rendered":"https:\/\/jeffersonisac.adv.br\/index.php\/2026\/03\/19\/deputado-defende-atualizacao-dos-limites-para-microempreendedores-ouca-a-entrevista\/"},"modified":"2026-03-19T11:24:30","modified_gmt":"2026-03-19T14:24:30","slug":"deputado-defende-atualizacao-dos-limites-para-microempreendedores-ouca-a-entrevista","status":"publish","type":"post","link":"https:\/\/jeffersonisac.adv.br\/index.php\/2026\/03\/19\/deputado-defende-atualizacao-dos-limites-para-microempreendedores-ouca-a-entrevista\/","title":{"rendered":"Deputado defende atualiza\u00e7\u00e3o dos limites para microempreendedores; ou\u00e7a a entrevista"},"content":{"rendered":"<div class=\"image-container\">\n<div class=\"midia-creditos\"><em>Kayo Magalh\u00e3es \/ C\u00e2mara dos Deputados<\/em><\/div>\n<div class=\"media-wrapper\"><\/div>\n<div class=\"midia-legenda\">Jorge Goetten: os limites atuais s\u00e3o de 2018<\/div>\n<\/div>\n<p>O coordenador da <span class=\"termoGlossario\">Frente Parlamentar<\/span> Mista das Micro e Pequenas Empresas, deputado Jorge Goetten (Republicanos-SC), comemorou a aprova\u00e7\u00e3o do regime de <span class=\"termoGlossario\">urg\u00eancia<\/span> para o <a class=\"linkProposicao\" href=\"https:\/\/www.camara.leg.br\/noticias\/845632-projeto-aumenta-limite-de-faturamento-para-microempreendedor-individual\">Projeto de Lei Complementar (PLP) 108\/21<\/a>, que aumenta o limite para ser considerado microempreendedor individual (MEI) de R$ 81 mil para R$ 130 mil.<\/p>\n<p>Em entrevista \u00e0 <em>R\u00e1dio C\u00e2mara<\/em> nesta quarta-feira (18), Goetten disse que a aprova\u00e7\u00e3o atende aos anseios do setor.<\/p>\n<p><a href=\"https:\/\/www.camara.leg.br\/noticias\/1254645-CAMARA-APROVA-URGENCIA-AO-PROJETO-QUE-AUMENTA-LIMITE-DE-FATURAMENTO-PARA-MEI\">A urg\u00eancia foi aprovada pelos deputados na ter\u00e7a-feira (17).<\/a> A partir dela, a proposta pode ser analisada diretamente pelo Plen\u00e1rio, sem necessidade de ter a avalia\u00e7\u00e3o conclu\u00edda pelas comiss\u00f5es.<\/p>\n<p>Jorge Goetten lembrou que os limites de enquadramento do microempreendedor no regime simplificado n\u00e3o s\u00e3o atualizados desde 2018. Quem est\u00e1 nesse sistema paga impostos simplificados, o que garante direitos previdenci\u00e1rios\u00a0pelo <span class=\"hover:entity-accent entity-underline inline cursor-pointer align-baseline\"><span class=\"whitespace-normal\">INSS.<\/span><\/span><\/p>\n<p><a href=\"https:\/\/www.camara.leg.br\/midias-fs\/audio\/2026\/03\/20260318-painel-eletronico-dep-jorge-goetten.mp3\">Ou\u00e7a a \u00edntegra da entrevista de Jorge Goetten \u00e0 <em>R\u00e1dio C\u00e2mara<\/em><\/a><\/p>\n<p>O PLP 108\/21, de autoria do Senado, tramita junto com outras <a href=\"https:\/\/www.camara.leg.br\/proposicoesWeb\/prop_arvore_tramitacoes?idProposicao=2295251\">33 propostas<\/a>.<\/p>\n<p>\u201cA gente sempre fala que esse setor movimenta a economia e representa mais de 70% dos empregos formais, mais de 90% dos CNPJs. Ora, se isso tudo \u00e9 verdade, e \u00e9 verdade, n\u00f3s temos \u00e9 que fazer justi\u00e7a e criar pol\u00edticas p\u00fablicas, principalmente atualizando o teto do MEI, da micro e pequena empresa\u201d, defendeu.<\/p>\n<p>Jorge Goetten espera que os parlamentares consigam votar o projeto ainda neste semestre.<\/p>\n<p>\u00a0<\/p>\n<div><\/div>\n<p>\u00a0<\/p>","protected":false},"excerpt":{"rendered":"<p>Kayo Magalh\u00e3es \/ C\u00e2mara dos Deputados Jorge Goetten: os limites atuais s\u00e3o de 2018 O coordenador da Frente Parlamentar Mista das Micro e Pequenas Empresas, deputado Jorge Goetten (Republicanos-SC), comemorou a aprova\u00e7\u00e3o do regime de urg\u00eancia para o Projeto de Lei Complementar (PLP) 108\/21, que aumenta o limite para ser considerado microempreendedor individual (MEI) de [&hellip;]<\/p>\n","protected":false},"author":0,"featured_media":0,"comment_status":"open","ping_status":"open","sticky":false,"template":"","format":"standard","meta":{"footnotes":""},"categories":[1],"tags":[],"_links":{"self":[{"href":"https:\/\/jeffersonisac.adv.br\/index.php\/wp-json\/wp\/v2\/posts\/15731"}],"collection":[{"href":"https:\/\/jeffersonisac.adv.br\/index.php\/wp-json\/wp\/v2\/posts"}],"about":[{"href":"https:\/\/jeffersonisac.adv.br\/index.php\/wp-json\/wp\/v2\/types\/post"}],"replies":[{"embeddable":true,"href":"https:\/\/jeffersonisac.adv.br\/index.php\/wp-json\/wp\/v2\/comments?post=15731"}],"version-history":[{"count":0,"href":"https:\/\/jeffersonisac.adv.br\/index.php\/wp-json\/wp\/v2\/posts\/15731\/revisions"}],"wp:attachment":[{"href":"https:\/\/jeffersonisac.adv.br\/index.php\/wp-json\/wp\/v2\/media?parent=15731"}],"wp:term":[{"taxonomy":"category","embeddable":true,"href":"https:\/\/jeffersonisac.adv.br\/index.php\/wp-json\/wp\/v2\/categories?post=15731"},{"taxonomy":"post_tag","embeddable":true,"href":"https:\/\/jeffersonisac.adv.br\/index.php\/wp-json\/wp\/v2\/tags?post=15731"}],"curies":[{"name":"wp","href":"https:\/\/api.w.org\/{rel}","templated":true}]}}