{"id":15733,"date":"2026-03-19T11:24:30","date_gmt":"2026-03-19T14:24:30","guid":{"rendered":"https:\/\/jeffersonisac.adv.br\/index.php\/2026\/03\/19\/comissao-debate-cirurgia-plastica-facial-como-atividade-privativa-de-medico-participe\/"},"modified":"2026-03-19T11:24:30","modified_gmt":"2026-03-19T14:24:30","slug":"comissao-debate-cirurgia-plastica-facial-como-atividade-privativa-de-medico-participe","status":"publish","type":"post","link":"https:\/\/jeffersonisac.adv.br\/index.php\/2026\/03\/19\/comissao-debate-cirurgia-plastica-facial-como-atividade-privativa-de-medico-participe\/","title":{"rendered":"Comiss\u00e3o debate cirurgia pl\u00e1stica facial como atividade privativa de m\u00e9dico; participe"},"content":{"rendered":"<div class=\"image-container\">\n<div class=\"midia-creditos\"><em>ValesStudio\/Depositphotos<\/em><\/div>\n<div class=\"media-wrapper\"><\/div>\n<div class=\"midia-legenda\">Cirurgias pl\u00e1sticas j\u00e1 s\u00e3o privativas de m\u00e9dicos<\/div>\n<\/div>\n<p>A Comiss\u00e3o de Sa\u00fade da C\u00e2mara dos Deputados realiza na ter\u00e7a-feira (24) audi\u00eancia p\u00fablica para discutir o <a class=\"linkProposicao\" href=\"https:\/\/www.camara.leg.br\/noticias\/1158298-projeto-inclui-cirurgia-plastica-facial-entre-as-atividades-privativas-do-medico\">Projeto de Lei 1027\/25<\/a>, da deputada Fernanda Pessoa (Uni\u00e3o-CE), que refor\u00e7a o entendimento de que a cirurgia pl\u00e1stica facial \u00e9 atividade privativa de m\u00e9dico.<\/p>\n<p>Apesar de a <a href=\"https:\/\/www2.camara.gov.br\/legin\/fed\/lei\/2013\/lei-12842-10-julho-2013-776473-norma-pl.html\">Lei do Ato M\u00e9dico<\/a> j\u00e1 prever que qualquer cirurgia pl\u00e1stica \u00e9 ato privativo de m\u00e9dicos, outras categorias, como os cirurgi\u00f5es-dentistas, questionam na Justi\u00e7a o direito de conduzirem procedimentos invasivos na face, como lifting e blefaroplastia (cirurgia nas p\u00e1lpebras).<\/p>\n<p>A reuni\u00e3o ser\u00e1 realizada no plen\u00e1rio 7, \u00e0s 10 horas, e atende a pedido do deputado Allan Garc\u00eas (PP-MA) e da deputada Enfermeira Rejane (PCdoB-RJ).<\/p>\n<p><a href=\"https:\/\/www.camara.leg.br\/evento-legislativo\/81204\">Veja quem foi convidado e envie suas perguntas<\/a><\/p>\n<p>Relator da proposta, Allan Garc\u00eas defende que qualquer procedimento est\u00e9tico invasivo seja reconhecido como atividade exclusiva de m\u00e9dicos, destacando os riscos jur\u00eddicos e de seguran\u00e7a para pacientes, al\u00e9m da necessidade de maior qualifica\u00e7\u00e3o profissional e infraestrutura adequada.<\/p>\n<p>&#8220;\u00c9 essencial aumentar a prote\u00e7\u00e3o aos pacientes de cirurgia pl\u00e1stica e procedimentos est\u00e9ticos, dado o aumento expressivo no n\u00famero de interven\u00e7\u00f5es e os perigos a elas inerentes, que v\u00e3o desde infec\u00e7\u00f5es at\u00e9 complica\u00e7\u00f5es graves&#8221;, diz.<\/p>\n<p>J\u00e1 Enfermeira Rejane afirma que o projeto pode impactar outras categorias da sa\u00fade que realizam procedimentos est\u00e9ticos n\u00e3o invasivos ou minimamente invasivos de forma legal e regulamentada por seus respectivos conselhos profissionais.<\/p>\n<p>&#8220;A participa\u00e7\u00e3o do Conselho Federal de Enfermagem e do Conselho Federal de Fisioterapia e Terapia Ocupacional revela-se fundamental para assegurar a pluralidade do debate, permitindo que a comiss\u00e3o ou\u00e7a as perspectivas t\u00e9cnicas, jur\u00eddicas e cient\u00edficas dessas categorias&#8221;, declara.<\/p>\n<p>Tamb\u00e9m foram convidados para a discuss\u00e3o representantes de associa\u00e7\u00f5es m\u00e9dicas, de biom\u00e9dicos, farmac\u00eauticos, dentistas, acupunturistas, entre outros.<\/p>","protected":false},"excerpt":{"rendered":"<p>ValesStudio\/Depositphotos Cirurgias pl\u00e1sticas j\u00e1 s\u00e3o privativas de m\u00e9dicos A Comiss\u00e3o de Sa\u00fade da C\u00e2mara dos Deputados realiza na ter\u00e7a-feira (24) audi\u00eancia p\u00fablica para discutir o Projeto de Lei 1027\/25, da deputada Fernanda Pessoa (Uni\u00e3o-CE), que refor\u00e7a o entendimento de que a cirurgia pl\u00e1stica facial \u00e9 atividade privativa de m\u00e9dico. Apesar de a Lei do Ato [&hellip;]<\/p>\n","protected":false},"author":0,"featured_media":0,"comment_status":"open","ping_status":"open","sticky":false,"template":"","format":"standard","meta":{"footnotes":""},"categories":[1],"tags":[],"_links":{"self":[{"href":"https:\/\/jeffersonisac.adv.br\/index.php\/wp-json\/wp\/v2\/posts\/15733"}],"collection":[{"href":"https:\/\/jeffersonisac.adv.br\/index.php\/wp-json\/wp\/v2\/posts"}],"about":[{"href":"https:\/\/jeffersonisac.adv.br\/index.php\/wp-json\/wp\/v2\/types\/post"}],"replies":[{"embeddable":true,"href":"https:\/\/jeffersonisac.adv.br\/index.php\/wp-json\/wp\/v2\/comments?post=15733"}],"version-history":[{"count":0,"href":"https:\/\/jeffersonisac.adv.br\/index.php\/wp-json\/wp\/v2\/posts\/15733\/revisions"}],"wp:attachment":[{"href":"https:\/\/jeffersonisac.adv.br\/index.php\/wp-json\/wp\/v2\/media?parent=15733"}],"wp:term":[{"taxonomy":"category","embeddable":true,"href":"https:\/\/jeffersonisac.adv.br\/index.php\/wp-json\/wp\/v2\/categories?post=15733"},{"taxonomy":"post_tag","embeddable":true,"href":"https:\/\/jeffersonisac.adv.br\/index.php\/wp-json\/wp\/v2\/tags?post=15733"}],"curies":[{"name":"wp","href":"https:\/\/api.w.org\/{rel}","templated":true}]}}