{"id":15734,"date":"2026-03-19T12:25:51","date_gmt":"2026-03-19T15:25:51","guid":{"rendered":"https:\/\/jeffersonisac.adv.br\/index.php\/2026\/03\/19\/camara-aprova-dois-acordos-internacionais-propostas-vao-agora-ao-senado-5\/"},"modified":"2026-03-19T12:25:51","modified_gmt":"2026-03-19T15:25:51","slug":"camara-aprova-dois-acordos-internacionais-propostas-vao-agora-ao-senado-5","status":"publish","type":"post","link":"https:\/\/jeffersonisac.adv.br\/index.php\/2026\/03\/19\/camara-aprova-dois-acordos-internacionais-propostas-vao-agora-ao-senado-5\/","title":{"rendered":"C\u00e2mara aprova dois acordos internacionais; propostas v\u00e3o agora ao Senado"},"content":{"rendered":"<div class=\"image-container\">\n<div class=\"midia-creditos\"><em>Kayo Magalh\u00e3es \/ C\u00e2mara dos Deputados<\/em><\/div>\n<div class=\"media-wrapper\"><\/div>\n<div class=\"midia-legenda\">Sess\u00e3o do Plen\u00e1rio da C\u00e2mara<\/div>\n<\/div>\n<p>O Plen\u00e1rio da C\u00e2mara dos Deputados aprovou, na sess\u00e3o desta quinta-feira (19), dois projetos de decreto legislativo que tratam de acordos internacionais. As propostas seguir\u00e3o agora para an\u00e1lise do Senado.<\/p>\n<p>Foram aprovados:<\/p>\n<p>o <a class=\"linkProposicao\" href=\"https:\/\/www.camara.leg.br\/noticias\/1255521-proposta-aprova-acordo-com-a-franca-nas-areas-de-cinema-e-audiovisual\">PDL 1023\/25<\/a>, relatado pela deputada Benedita da Silva (PT-RJ), com Acordo de Coprodu\u00e7\u00e3o Cinematogr\u00e1fica e Audiovisual entre Brasil e Fran\u00e7a, com a amplia\u00e7\u00e3o de um tratado anterior para, agora, contemplar tamb\u00e9m obras destinadas \u00e0 internet e \u00e0 TV; e<br \/>\no <a class=\"linkProposicao\" href=\"https:\/\/www.camara.leg.br\/noticias\/1255517-projeto-aprova-acordo-entre-brasil-e-china-na-producao-cinematografica\">PDL 1203\/25<\/a>, relatado pela deputada Denise Pess\u00f4a (PT-RS), com Acordo de Coprodu\u00e7\u00e3o Cinematogr\u00e1fica entre Brasil e China, para tratar coprodu\u00e7\u00f5es como filmes nacionais em ambos os pa\u00edses.<\/p>\n<p>O Brasil mant\u00e9m acordos internacionais com diversos pa\u00edses e entidades. Pela Constitui\u00e7\u00e3o, esses instrumentos devem ser aprovados pelo Congresso Nacional.<\/p>\n<p><strong>Urg\u00eancias<\/strong><br \/>\nO Plen\u00e1rio tamb\u00e9m aprovou a <span class=\"termoGlossario\">urg\u00eancia<\/span> para duas propostas. Uma delas cria um programa para gest\u00e3o de milhas a\u00e9reas acumuladas por \u00f3rg\u00e3os p\u00fablicos (PL 6483\/25). A outra institui a Semana Nacional da Cultura Evang\u00e9lica (PL 2433\/25).<\/p>\n<p><a href=\"https:\/\/www.camara.leg.br\/evento-legislativo\/81378\">Assista \u00e0 sess\u00e3o<\/a><\/p>","protected":false},"excerpt":{"rendered":"<p>Kayo Magalh\u00e3es \/ C\u00e2mara dos Deputados Sess\u00e3o do Plen\u00e1rio da C\u00e2mara O Plen\u00e1rio da C\u00e2mara dos Deputados aprovou, na sess\u00e3o desta quinta-feira (19), dois projetos de decreto legislativo que tratam de acordos internacionais. As propostas seguir\u00e3o agora para an\u00e1lise do Senado. Foram aprovados: o PDL 1023\/25, relatado pela deputada Benedita da Silva (PT-RJ), com Acordo [&hellip;]<\/p>\n","protected":false},"author":0,"featured_media":0,"comment_status":"open","ping_status":"open","sticky":false,"template":"","format":"standard","meta":{"footnotes":""},"categories":[1],"tags":[],"_links":{"self":[{"href":"https:\/\/jeffersonisac.adv.br\/index.php\/wp-json\/wp\/v2\/posts\/15734"}],"collection":[{"href":"https:\/\/jeffersonisac.adv.br\/index.php\/wp-json\/wp\/v2\/posts"}],"about":[{"href":"https:\/\/jeffersonisac.adv.br\/index.php\/wp-json\/wp\/v2\/types\/post"}],"replies":[{"embeddable":true,"href":"https:\/\/jeffersonisac.adv.br\/index.php\/wp-json\/wp\/v2\/comments?post=15734"}],"version-history":[{"count":0,"href":"https:\/\/jeffersonisac.adv.br\/index.php\/wp-json\/wp\/v2\/posts\/15734\/revisions"}],"wp:attachment":[{"href":"https:\/\/jeffersonisac.adv.br\/index.php\/wp-json\/wp\/v2\/media?parent=15734"}],"wp:term":[{"taxonomy":"category","embeddable":true,"href":"https:\/\/jeffersonisac.adv.br\/index.php\/wp-json\/wp\/v2\/categories?post=15734"},{"taxonomy":"post_tag","embeddable":true,"href":"https:\/\/jeffersonisac.adv.br\/index.php\/wp-json\/wp\/v2\/tags?post=15734"}],"curies":[{"name":"wp","href":"https:\/\/api.w.org\/{rel}","templated":true}]}}