{"id":15739,"date":"2026-03-19T13:25:30","date_gmt":"2026-03-19T16:25:30","guid":{"rendered":"https:\/\/jeffersonisac.adv.br\/index.php\/2026\/03\/19\/comissao-aprova-proibicao-de-chamadas-de-telemarketing-em-locais-sob-calamidade-publica\/"},"modified":"2026-03-19T13:25:30","modified_gmt":"2026-03-19T16:25:30","slug":"comissao-aprova-proibicao-de-chamadas-de-telemarketing-em-locais-sob-calamidade-publica","status":"publish","type":"post","link":"https:\/\/jeffersonisac.adv.br\/index.php\/2026\/03\/19\/comissao-aprova-proibicao-de-chamadas-de-telemarketing-em-locais-sob-calamidade-publica\/","title":{"rendered":"Comiss\u00e3o aprova proibi\u00e7\u00e3o de chamadas de telemarketing em locais sob calamidade p\u00fablica"},"content":{"rendered":"<div class=\"image-container\">\n<div class=\"midia-creditos\"><em>Kayo Magalh\u00e3es \/ C\u00e2mara dos Deputados<\/em><\/div>\n<div class=\"media-wrapper\"><\/div>\n<div class=\"midia-legenda\">Fausto Jr.: liga\u00e7\u00f5es de telemarketing podem comprometer o fluxo de informa\u00e7\u00f5es urgentes<\/div>\n<\/div>\n<p>A Comiss\u00e3o de Defesa do Consumidor da C\u00e2mara dos Deputados aprovou o Projeto de Lei 3412\/25, que pro\u00edbe a realiza\u00e7\u00e3o de chamadas de telemarketing em localidades que estejam em situa\u00e7\u00e3o de emerg\u00eancia ou estado de calamidade p\u00fablica.<\/p>\n<p>A restri\u00e7\u00e3o ser\u00e1 aplicada quando o estado de crise for oficialmente reconhecido por meio de decreto legislativo.<\/p>\n<p>O objetivo da proposta, do deputado Merlong Solano (PT-PI), \u00e9 evitar que liga\u00e7\u00f5es comerciais perturbem a popula\u00e7\u00e3o e garantir a prioridade para comunica\u00e7\u00f5es essenciais durante per\u00edodos cr\u00edticos.<\/p>\n<p>Os parlamentares acolheram o <a href=\"https:\/\/www.camara.leg.br\/proposicoesWeb\/prop_mostrarintegra?codteor=3069821&amp;filename=Parecer-CDC-2025-12-16\">parecer do relator<\/a>, deputado Fausto Jr. (Uni\u00e3o-AM), pela aprova\u00e7\u00e3o do texto. Segundo ele, a restri\u00e7\u00e3o ao telemarketing assegura que o exerc\u00edcio de atividades econ\u00f4micas ocorra de forma respons\u00e1vel e sens\u00edvel \u00e0s condi\u00e7\u00f5es enfrentadas pela coletividade.<\/p>\n<p>\u201cEm contextos de calamidade, o consumidor encontra-se em estado de vulnerabilidade agravada, exigindo do Estado e das empresas uma conduta pautada pela boa-f\u00e9 objetiva e pela responsabilidade social\u201d, afirmou Fausto Jr.<\/p>\n<p>O relator ressaltou ainda que o car\u00e1ter invasivo das liga\u00e7\u00f5es de telemarketing pode comprometer o fluxo de informa\u00e7\u00f5es urgentes, \u201cespecialmente quando a popula\u00e7\u00e3o necessita de acesso r\u00e1pido a orienta\u00e7\u00f5es de defesa civil, seguran\u00e7a, sa\u00fade ou assist\u00eancia social\u201d.<\/p>\n<p>Conforme a proposta, o descumprimento da medida ser\u00e1 punido com multa de R$ 5 mil, por infra\u00e7\u00e3o.<\/p>\n<p>Atualmente, a <a href=\"https:\/\/informacoes.anatel.gov.br\/legislacao\/resolucoes\/2020\/1496-resolucao-739\">Resolu\u00e7\u00e3o 739\/20<\/a> da Anatel estabelece regras para o uso de telecomunica\u00e7\u00f5es em desastres, priorizando alertas de seguran\u00e7a.<\/p>\n<p><strong>Pr\u00f3ximos passos<br \/>\n<\/strong>O projeto tramita em <span class=\"termoGlossario\">car\u00e1ter conclusivo<\/span> e ainda ser\u00e1 analisado pela Comiss\u00e3o de Constitui\u00e7\u00e3o e Justi\u00e7a e de Cidadania.<\/p>\n<p>Para virar lei, precisa ser aprovado pela C\u00e2mara e pelo Senado.<\/p>\n<p><a href=\"https:\/\/www.camara.leg.br\/noticias\/573454-SAIBA-MAIS-SOBRE-A-TRAMITACAO-DE-PROJETOS-DE-LEI\">Saiba mais sobre a tramita\u00e7\u00e3o de projetos de lei<\/a><\/p>","protected":false},"excerpt":{"rendered":"<p>Kayo Magalh\u00e3es \/ C\u00e2mara dos Deputados Fausto Jr.: liga\u00e7\u00f5es de telemarketing podem comprometer o fluxo de informa\u00e7\u00f5es urgentes A Comiss\u00e3o de Defesa do Consumidor da C\u00e2mara dos Deputados aprovou o Projeto de Lei 3412\/25, que pro\u00edbe a realiza\u00e7\u00e3o de chamadas de telemarketing em localidades que estejam em situa\u00e7\u00e3o de emerg\u00eancia ou estado de calamidade p\u00fablica. [&hellip;]<\/p>\n","protected":false},"author":0,"featured_media":0,"comment_status":"open","ping_status":"open","sticky":false,"template":"","format":"standard","meta":{"footnotes":""},"categories":[1],"tags":[],"_links":{"self":[{"href":"https:\/\/jeffersonisac.adv.br\/index.php\/wp-json\/wp\/v2\/posts\/15739"}],"collection":[{"href":"https:\/\/jeffersonisac.adv.br\/index.php\/wp-json\/wp\/v2\/posts"}],"about":[{"href":"https:\/\/jeffersonisac.adv.br\/index.php\/wp-json\/wp\/v2\/types\/post"}],"replies":[{"embeddable":true,"href":"https:\/\/jeffersonisac.adv.br\/index.php\/wp-json\/wp\/v2\/comments?post=15739"}],"version-history":[{"count":0,"href":"https:\/\/jeffersonisac.adv.br\/index.php\/wp-json\/wp\/v2\/posts\/15739\/revisions"}],"wp:attachment":[{"href":"https:\/\/jeffersonisac.adv.br\/index.php\/wp-json\/wp\/v2\/media?parent=15739"}],"wp:term":[{"taxonomy":"category","embeddable":true,"href":"https:\/\/jeffersonisac.adv.br\/index.php\/wp-json\/wp\/v2\/categories?post=15739"},{"taxonomy":"post_tag","embeddable":true,"href":"https:\/\/jeffersonisac.adv.br\/index.php\/wp-json\/wp\/v2\/tags?post=15739"}],"curies":[{"name":"wp","href":"https:\/\/api.w.org\/{rel}","templated":true}]}}