{"id":15740,"date":"2026-03-19T13:25:30","date_gmt":"2026-03-19T16:25:30","guid":{"rendered":"https:\/\/jeffersonisac.adv.br\/index.php\/2026\/03\/19\/comissao-aprova-aumento-de-pena-para-quem-retem-cartao-de-pessoa-com-deficiencia\/"},"modified":"2026-03-19T13:25:30","modified_gmt":"2026-03-19T16:25:30","slug":"comissao-aprova-aumento-de-pena-para-quem-retem-cartao-de-pessoa-com-deficiencia","status":"publish","type":"post","link":"https:\/\/jeffersonisac.adv.br\/index.php\/2026\/03\/19\/comissao-aprova-aumento-de-pena-para-quem-retem-cartao-de-pessoa-com-deficiencia\/","title":{"rendered":"Comiss\u00e3o aprova aumento de pena para quem ret\u00e9m cart\u00e3o de pessoa com defici\u00eancia"},"content":{"rendered":"<div class=\"image-container\">\n<div class=\"midia-creditos\"><em>Vinicius Loures \/ C\u00e2mara dos Deputados<\/em><\/div>\n<div class=\"media-wrapper\"><\/div>\n<div class=\"midia-legenda\">Andreia Siqueira: penalidade atual passa mensagem de delito de menor import\u00e2ncia<\/div>\n<\/div>\n<p>A Comiss\u00e3o de Defesa dos Direitos das Pessoas com Defici\u00eancia da C\u00e2mara dos Deputados aprovou projeto de lei que endurece a puni\u00e7\u00e3o para o crime de reten\u00e7\u00e3o ou utiliza\u00e7\u00e3o indevida de cart\u00e3o magn\u00e9tico ou meio eletr\u00f4nico de pessoa com defici\u00eancia destinados ao recebimento de benef\u00edcios e pens\u00f5es, entre outros.<\/p>\n<p>A proposta altera o <a href=\"https:\/\/www2.camara.leg.br\/legin\/fed\/lei\/2015\/lei-13146-6-julho-2015-781174-norma-pl.html\">Estatuto da Pessoa com Defici\u00eancia<\/a>\u00a0para elevar a san\u00e7\u00e3o para <span class=\"termoGlossario\">reclus\u00e3o<\/span>, de dois a cinco anos, e multa. Atualmente, a legisla\u00e7\u00e3o prev\u00ea para a conduta pena de <span class=\"termoGlossario\">deten\u00e7\u00e3o<\/span>, de seis meses a dois anos, e multa.<\/p>\n<p>A relatora da mat\u00e9ria, deputada Andreia Siqueira (MDB-PA), apresentou um <span class=\"termoGlossario\">substitutivo<\/span> ao Projeto de Lei 6557\/25, do deputado Andr\u00e9 Fernandes (PL-CE). A nova reda\u00e7\u00e3o traz uma altera\u00e7\u00e3o t\u00e9cnica que n\u00e3o modifica o objetivo do projeto original.<\/p>\n<p>A relatora defendeu o rigor na lei para proteger a autonomia e a dignidade das v\u00edtimas de um crime muitas vezes praticado por familiares.<\/p>\n<p>\u201cA atual penalidade envia uma mensagem para a sociedade de que enganar uma pessoa com defici\u00eancia, furtando sua renda por meio do acesso ao cart\u00e3o eletr\u00f4nico, \u00e9 um delito de menor import\u00e2ncia\u201d, considerou a parlamentar.<\/p>\n<p>Andreia Siqueira disse que elevar a san\u00e7\u00e3o para os patamares da reclus\u00e3o sinaliza o compromisso do Estado com a prote\u00e7\u00e3o das pessoas mais vulner\u00e1veis.<\/p>\n<p><strong>Pr\u00f3ximos passos<\/strong><br \/>\nO projeto ainda ser\u00e1 analisado pela Comiss\u00e3o de Constitui\u00e7\u00e3o e Justi\u00e7a e de Cidadania, antes de seguir para a aprecia\u00e7\u00e3o do Plen\u00e1rio da C\u00e2mara.<\/p>\n<p>Para virar lei, precisa ser aprovado pelos deputados e pelos senadores e sancionado pelo presidente da Rep\u00fablica.<\/p>\n<p><a href=\"https:\/\/www.camara.leg.br\/noticias\/573454-SAIBA-MAIS-SOBRE-A-TRAMITACAO-DE-PROJETOS-DE-LEI\">Saiba mais sobre a tramita\u00e7\u00e3o de projetos de lei<\/a><\/p>","protected":false},"excerpt":{"rendered":"<p>Vinicius Loures \/ C\u00e2mara dos Deputados Andreia Siqueira: penalidade atual passa mensagem de delito de menor import\u00e2ncia A Comiss\u00e3o de Defesa dos Direitos das Pessoas com Defici\u00eancia da C\u00e2mara dos Deputados aprovou projeto de lei que endurece a puni\u00e7\u00e3o para o crime de reten\u00e7\u00e3o ou utiliza\u00e7\u00e3o indevida de cart\u00e3o magn\u00e9tico ou meio eletr\u00f4nico de pessoa [&hellip;]<\/p>\n","protected":false},"author":0,"featured_media":0,"comment_status":"open","ping_status":"open","sticky":false,"template":"","format":"standard","meta":{"footnotes":""},"categories":[1],"tags":[],"_links":{"self":[{"href":"https:\/\/jeffersonisac.adv.br\/index.php\/wp-json\/wp\/v2\/posts\/15740"}],"collection":[{"href":"https:\/\/jeffersonisac.adv.br\/index.php\/wp-json\/wp\/v2\/posts"}],"about":[{"href":"https:\/\/jeffersonisac.adv.br\/index.php\/wp-json\/wp\/v2\/types\/post"}],"replies":[{"embeddable":true,"href":"https:\/\/jeffersonisac.adv.br\/index.php\/wp-json\/wp\/v2\/comments?post=15740"}],"version-history":[{"count":0,"href":"https:\/\/jeffersonisac.adv.br\/index.php\/wp-json\/wp\/v2\/posts\/15740\/revisions"}],"wp:attachment":[{"href":"https:\/\/jeffersonisac.adv.br\/index.php\/wp-json\/wp\/v2\/media?parent=15740"}],"wp:term":[{"taxonomy":"category","embeddable":true,"href":"https:\/\/jeffersonisac.adv.br\/index.php\/wp-json\/wp\/v2\/categories?post=15740"},{"taxonomy":"post_tag","embeddable":true,"href":"https:\/\/jeffersonisac.adv.br\/index.php\/wp-json\/wp\/v2\/tags?post=15740"}],"curies":[{"name":"wp","href":"https:\/\/api.w.org\/{rel}","templated":true}]}}