{"id":15742,"date":"2026-03-19T14:24:59","date_gmt":"2026-03-19T17:24:59","guid":{"rendered":"https:\/\/jeffersonisac.adv.br\/index.php\/2026\/03\/19\/comissao-aprova-ampliacao-da-cobertura-de-planos-de-saude-para-emergencias-relacionadas-a-gestacao\/"},"modified":"2026-03-19T14:24:59","modified_gmt":"2026-03-19T17:24:59","slug":"comissao-aprova-ampliacao-da-cobertura-de-planos-de-saude-para-emergencias-relacionadas-a-gestacao","status":"publish","type":"post","link":"https:\/\/jeffersonisac.adv.br\/index.php\/2026\/03\/19\/comissao-aprova-ampliacao-da-cobertura-de-planos-de-saude-para-emergencias-relacionadas-a-gestacao\/","title":{"rendered":"Comiss\u00e3o aprova amplia\u00e7\u00e3o da cobertura de planos de sa\u00fade para emerg\u00eancias relacionadas \u00e0 gesta\u00e7\u00e3o"},"content":{"rendered":"<div class=\"image-container\">\n<div class=\"midia-creditos\"><em>Kayo Magalh\u00e3es \/ C\u00e2mara dos Deputados<\/em><\/div>\n<div class=\"media-wrapper\"><\/div>\n<div class=\"midia-legenda\">Gisela Simona: medida protege\u00a0mulheres em situa\u00e7\u00e3o de emerg\u00eancia obst\u00e9trica<\/div>\n<\/div>\n<p>A Comiss\u00e3o de Defesa do Consumidor da C\u00e2mara dos Deputados aprovou o <a class=\"linkProposicao\" href=\"https:\/\/www.camara.leg.br\/noticias\/1153749-proposta-amplia-cobertura-de-planos-privados-para-emergencias-medicas-relacionadas-a-gestacao\">Projeto de Lei 649\/25<\/a>, que obriga operadoras de planos de sa\u00fade a cobrir urg\u00eancias m\u00e9dicas relacionadas \u00e0 gesta\u00e7\u00e3o, mesmo que a modalidade contratada n\u00e3o inclua atendimento obst\u00e9trico.<\/p>\n<p>A proposta, da deputada Rosangela Moro (Uni\u00e3o-SP), altera a <a href=\"https:\/\/www2.camara.leg.br\/legin\/fed\/lei\/1998\/lei-9656-3-junho-1998-353439-norma-pl.html\">Lei dos Planos de Sa\u00fade<\/a>.<\/p>\n<p>A relatora, deputada Gisela Simona (Uni\u00e3o-MT), recomendou a aprova\u00e7\u00e3o da proposta. Ela concordou com os argumentos da autora de que, mesmo a legisla\u00e7\u00e3o j\u00e1 prevendo cobertura compuls\u00f3ria nesses casos, a falta de clareza permite que as operadoras neguem atendimento a gestantes em emerg\u00eancia, quando o plano n\u00e3o tem cobertura obst\u00e9trica.<\/p>\n<p>\u201cA proposta corrige a distor\u00e7\u00e3o e fortalece a prote\u00e7\u00e3o do consumidor em condi\u00e7\u00e3o de vulnerabilidade agravada, notadamente as mulheres em situa\u00e7\u00e3o de emerg\u00eancia obst\u00e9trica\u201d, afirmou Gisela Simona.<\/p>\n<p><strong>Pr\u00f3ximos passos<\/strong><br \/>\nA proposta, que tramita em <span class=\"termoGlossario\">car\u00e1ter conclusivo<\/span>, ser\u00e1 analisada ainda pela Comiss\u00e3o de Constitui\u00e7\u00e3o e Justi\u00e7a e de Cidadania.<\/p>\n<p>Para virar lei, precisa ser aprovada pela C\u00e2mara e pelo Senado e sancionada pelo presidente da Rep\u00fablica.<\/p>\n<p><a href=\"https:\/\/www.camara.leg.br\/noticias\/573454-SAIBA-MAIS-SOBRE-A-TRAMITACAO-DE-PROJETOS-DE-LEI\">Saiba mais sobre a tramita\u00e7\u00e3o de projetos de lei<\/a><\/p>","protected":false},"excerpt":{"rendered":"<p>Kayo Magalh\u00e3es \/ C\u00e2mara dos Deputados Gisela Simona: medida protege\u00a0mulheres em situa\u00e7\u00e3o de emerg\u00eancia obst\u00e9trica A Comiss\u00e3o de Defesa do Consumidor da C\u00e2mara dos Deputados aprovou o Projeto de Lei 649\/25, que obriga operadoras de planos de sa\u00fade a cobrir urg\u00eancias m\u00e9dicas relacionadas \u00e0 gesta\u00e7\u00e3o, mesmo que a modalidade contratada n\u00e3o inclua atendimento obst\u00e9trico. A [&hellip;]<\/p>\n","protected":false},"author":0,"featured_media":0,"comment_status":"open","ping_status":"open","sticky":false,"template":"","format":"standard","meta":{"footnotes":""},"categories":[1],"tags":[],"_links":{"self":[{"href":"https:\/\/jeffersonisac.adv.br\/index.php\/wp-json\/wp\/v2\/posts\/15742"}],"collection":[{"href":"https:\/\/jeffersonisac.adv.br\/index.php\/wp-json\/wp\/v2\/posts"}],"about":[{"href":"https:\/\/jeffersonisac.adv.br\/index.php\/wp-json\/wp\/v2\/types\/post"}],"replies":[{"embeddable":true,"href":"https:\/\/jeffersonisac.adv.br\/index.php\/wp-json\/wp\/v2\/comments?post=15742"}],"version-history":[{"count":0,"href":"https:\/\/jeffersonisac.adv.br\/index.php\/wp-json\/wp\/v2\/posts\/15742\/revisions"}],"wp:attachment":[{"href":"https:\/\/jeffersonisac.adv.br\/index.php\/wp-json\/wp\/v2\/media?parent=15742"}],"wp:term":[{"taxonomy":"category","embeddable":true,"href":"https:\/\/jeffersonisac.adv.br\/index.php\/wp-json\/wp\/v2\/categories?post=15742"},{"taxonomy":"post_tag","embeddable":true,"href":"https:\/\/jeffersonisac.adv.br\/index.php\/wp-json\/wp\/v2\/tags?post=15742"}],"curies":[{"name":"wp","href":"https:\/\/api.w.org\/{rel}","templated":true}]}}