{"id":15746,"date":"2026-03-19T16:24:44","date_gmt":"2026-03-19T19:24:44","guid":{"rendered":"https:\/\/jeffersonisac.adv.br\/index.php\/2026\/03\/19\/comissao-aprova-obrigatoriedade-de-cursos-para-condenados-por-crime-de-transito\/"},"modified":"2026-03-19T16:24:44","modified_gmt":"2026-03-19T19:24:44","slug":"comissao-aprova-obrigatoriedade-de-cursos-para-condenados-por-crime-de-transito","status":"publish","type":"post","link":"https:\/\/jeffersonisac.adv.br\/index.php\/2026\/03\/19\/comissao-aprova-obrigatoriedade-de-cursos-para-condenados-por-crime-de-transito\/","title":{"rendered":"Comiss\u00e3o aprova obrigatoriedade de cursos para condenados por crime de tr\u00e2nsito"},"content":{"rendered":"<div class=\"image-container\">\n<div class=\"midia-creditos\"><em>Kayo Magalh\u00e3es \/ C\u00e2mara dos Deputados<\/em><\/div>\n<div class=\"media-wrapper\"><\/div>\n<div class=\"midia-legenda\">Hugo Leal: participa\u00e7\u00e3o em cursos e palestras far\u00e1 motorista repensar sua conduta<\/div>\n<\/div>\n<p>A Comiss\u00e3o de Via\u00e7\u00e3o e Transportes da C\u00e2mara dos Deputados aprovou projeto de lei que prev\u00ea o comparecimento obrigat\u00f3rio do autor de crimes de tr\u00e2nsito em palestras ou outras atividades de educa\u00e7\u00e3o para o tr\u00e2nsito. O texto altera o <a href=\"https:\/\/www2.camara.leg.br\/legin\/fed\/lei\/1997\/lei-9503-23-setembro-1997-372348-norma-pl.html\">C\u00f3digo de Tr\u00e2nsito Brasileiro (CTB)<\/a>, o <a href=\"https:\/\/www2.camara.leg.br\/legin\/fed\/declei\/1940-1949\/decreto-lei-3689-3-outubro-1941-322206-norma-pe.html\">C\u00f3digo de Processo Penal<\/a> e a <a href=\"https:\/\/www2.camara.leg.br\/legin\/fed\/lei\/1980-1987\/lei-7210-11-julho-1984-356938-norma-pl.html\">Lei de Execu\u00e7\u00e3o Penal<\/a>.<\/p>\n<p>A comiss\u00e3o aprovou o <a class=\"linkProposicao\" href=\"https:\/\/www.camara.leg.br\/noticias\/1132819-proposta-preve-que-condenado-por-crime-de-transito-seja-obrigado-a-participar-de-palestras\">Projeto de Lei 4037\/24<\/a>, do deputado M\u00e1rcio Honaiser (PDT-MA), com emendas do relator, deputado Hugo Leal (PSD-RJ).<\/p>\n<p>\u201cA participa\u00e7\u00e3o de motoristas condenados pela pr\u00e1tica de crimes ao volante em cursos e palestras far\u00e1 com que repensem sua conduta e se tornem condutores mais conscientes com rela\u00e7\u00e3o ao respeito \u00e0s regras de tr\u00e2nsito e ao respeito \u00e0 vida\u201d, disse Leal.<\/p>\n<p>As emendas detalham o alcance da norma e estabelecem que o Minist\u00e9rio P\u00fablico poder\u00e1 indicar a participa\u00e7\u00e3o em atividades educativas como condi\u00e7\u00e3o em acordos de n\u00e3o persecu\u00e7\u00e3o penal.<\/p>\n<p>O relator tamb\u00e9m incluiu uma altera\u00e7\u00e3o no CTB para permitir que o juiz aplique a frequ\u00eancia obrigat\u00f3ria em curso de reciclagem como condi\u00e7\u00e3o para substituir a pris\u00e3o por medidas alternativas, como uso de tornozeleira eletr\u00f4nica, pris\u00e3o domiciliar ou pagamento de fian\u00e7a.<\/p>\n<p><strong>Pr\u00f3ximas etapas<\/strong><br \/>\nA proposta ainda ser\u00e1 analisada, em <span class=\"termoGlossario\">car\u00e1ter conclusivo<\/span>, pela Comiss\u00e3o de Constitui\u00e7\u00e3o e Justi\u00e7a e de Cidadania. Para virar lei, o texto deve ser aprovado pela C\u00e2mara e pelo Senado.<\/p>\n<p><a href=\"https:\/\/www.camara.leg.br\/noticias\/573454-SAIBA-MAIS-SOBRE-A-TRAMITACAO-DE-PROJETOS-DE-LEI\">Saiba mais sobre a tramita\u00e7\u00e3o de projetos de lei<\/a><\/p>","protected":false},"excerpt":{"rendered":"<p>Kayo Magalh\u00e3es \/ C\u00e2mara dos Deputados Hugo Leal: participa\u00e7\u00e3o em cursos e palestras far\u00e1 motorista repensar sua conduta A Comiss\u00e3o de Via\u00e7\u00e3o e Transportes da C\u00e2mara dos Deputados aprovou projeto de lei que prev\u00ea o comparecimento obrigat\u00f3rio do autor de crimes de tr\u00e2nsito em palestras ou outras atividades de educa\u00e7\u00e3o para o tr\u00e2nsito. O texto [&hellip;]<\/p>\n","protected":false},"author":0,"featured_media":0,"comment_status":"open","ping_status":"open","sticky":false,"template":"","format":"standard","meta":{"footnotes":""},"categories":[1],"tags":[],"_links":{"self":[{"href":"https:\/\/jeffersonisac.adv.br\/index.php\/wp-json\/wp\/v2\/posts\/15746"}],"collection":[{"href":"https:\/\/jeffersonisac.adv.br\/index.php\/wp-json\/wp\/v2\/posts"}],"about":[{"href":"https:\/\/jeffersonisac.adv.br\/index.php\/wp-json\/wp\/v2\/types\/post"}],"replies":[{"embeddable":true,"href":"https:\/\/jeffersonisac.adv.br\/index.php\/wp-json\/wp\/v2\/comments?post=15746"}],"version-history":[{"count":0,"href":"https:\/\/jeffersonisac.adv.br\/index.php\/wp-json\/wp\/v2\/posts\/15746\/revisions"}],"wp:attachment":[{"href":"https:\/\/jeffersonisac.adv.br\/index.php\/wp-json\/wp\/v2\/media?parent=15746"}],"wp:term":[{"taxonomy":"category","embeddable":true,"href":"https:\/\/jeffersonisac.adv.br\/index.php\/wp-json\/wp\/v2\/categories?post=15746"},{"taxonomy":"post_tag","embeddable":true,"href":"https:\/\/jeffersonisac.adv.br\/index.php\/wp-json\/wp\/v2\/tags?post=15746"}],"curies":[{"name":"wp","href":"https:\/\/api.w.org\/{rel}","templated":true}]}}