{"id":15750,"date":"2026-03-19T16:24:44","date_gmt":"2026-03-19T19:24:44","guid":{"rendered":"https:\/\/jeffersonisac.adv.br\/index.php\/2026\/03\/19\/comissao-aprova-projeto-que-recria-o-bienio-da-primeira-infancia\/"},"modified":"2026-03-19T16:24:44","modified_gmt":"2026-03-19T19:24:44","slug":"comissao-aprova-projeto-que-recria-o-bienio-da-primeira-infancia","status":"publish","type":"post","link":"https:\/\/jeffersonisac.adv.br\/index.php\/2026\/03\/19\/comissao-aprova-projeto-que-recria-o-bienio-da-primeira-infancia\/","title":{"rendered":"Comiss\u00e3o aprova projeto que recria o Bi\u00eanio da Primeira Inf\u00e2ncia"},"content":{"rendered":"<div class=\"image-container\">\n<div class=\"midia-creditos\"><em>Zeca Ribeiro \/ C\u00e2mara dos Deputados<\/em><\/div>\n<div class=\"media-wrapper\"><\/div>\n<div class=\"midia-legenda\">Deputada Maria do Ros\u00e1rio, relatora do projeto de lei na CCJ<\/div>\n<\/div>\n<p>A Comiss\u00e3o de Constitui\u00e7\u00e3o e Justi\u00e7a e de Cidadania (CCJ) da C\u00e2mara dos Deputados aprovou o Projeto de Lei 534\/25, da deputada Laura Carneiro (PSD-RJ), que institui novamente o Bi\u00eanio da Primeira Inf\u00e2ncia do Brasil.<\/p>\n<p>A proposta altera a <a class=\"linkLegislacao\" href=\"https:\/\/www2.camara.gov.br\/legin\/fed\/lei\/2019\/lei-13960-19-dezembro-2019-789618-norma-pl.html\">Lei 13.960\/19<\/a>, que previa o marco comemorativo entre 2020 e 2021. Conforme o texto aprovado, o Bi\u00eanio da Primeira Inf\u00e2ncia passar\u00e1 a ser celebrado nos dois anos subsequentes \u00e0 publica\u00e7\u00e3o da futura lei.<\/p>\n<p>Como foi analisada em <span class=\"termoGlossario\">car\u00e1ter conclusivo<\/span>, a proposta dever\u00e1 seguir para o Senado, salvo se houver recurso para an\u00e1lise no Plen\u00e1rio da C\u00e2mara. Para virar lei, a vers\u00e3o final do texto precisa ser aprovada pelas duas Casas.<\/p>\n<p><strong>Mobiliza\u00e7\u00e3o<\/strong><br \/>\nA relatora na CCJ, deputada Maria do Ros\u00e1rio (PT-RS), recomendou a aprova\u00e7\u00e3o do texto ap\u00f3s ajustes. \u201cA ideia \u00e9 potencializar a\u00e7\u00f5es de mobiliza\u00e7\u00e3o, informa\u00e7\u00e3o e sensibiliza\u00e7\u00e3o sobre a relev\u00e2ncia dos primeiros anos de vida\u201d, disse a relatora.<\/p>\n<p>Na justificativa que acompanha o projeto, Laura Carneiro, autora da proposta, afirmou que a emerg\u00eancia sanit\u00e1ria provocada pela pandemia da Covid-19 imp\u00f4s restri\u00e7\u00f5es a eventos e mobiliza\u00e7\u00f5es, esvaziando o alcance da iniciativa original.<\/p>\n<p><a href=\"https:\/\/www.camara.leg.br\/noticias\/573454-SAIBA-MAIS-SOBRE-A-TRAMITACAO-DE-PROJETOS-DE-LEI\">Saiba mais sobre a tramita\u00e7\u00e3o de projetos de lei<\/a><\/p>","protected":false},"excerpt":{"rendered":"<p>Zeca Ribeiro \/ C\u00e2mara dos Deputados Deputada Maria do Ros\u00e1rio, relatora do projeto de lei na CCJ A Comiss\u00e3o de Constitui\u00e7\u00e3o e Justi\u00e7a e de Cidadania (CCJ) da C\u00e2mara dos Deputados aprovou o Projeto de Lei 534\/25, da deputada Laura Carneiro (PSD-RJ), que institui novamente o Bi\u00eanio da Primeira Inf\u00e2ncia do Brasil. A proposta altera [&hellip;]<\/p>\n","protected":false},"author":0,"featured_media":0,"comment_status":"open","ping_status":"open","sticky":false,"template":"","format":"standard","meta":{"footnotes":""},"categories":[1],"tags":[],"_links":{"self":[{"href":"https:\/\/jeffersonisac.adv.br\/index.php\/wp-json\/wp\/v2\/posts\/15750"}],"collection":[{"href":"https:\/\/jeffersonisac.adv.br\/index.php\/wp-json\/wp\/v2\/posts"}],"about":[{"href":"https:\/\/jeffersonisac.adv.br\/index.php\/wp-json\/wp\/v2\/types\/post"}],"replies":[{"embeddable":true,"href":"https:\/\/jeffersonisac.adv.br\/index.php\/wp-json\/wp\/v2\/comments?post=15750"}],"version-history":[{"count":0,"href":"https:\/\/jeffersonisac.adv.br\/index.php\/wp-json\/wp\/v2\/posts\/15750\/revisions"}],"wp:attachment":[{"href":"https:\/\/jeffersonisac.adv.br\/index.php\/wp-json\/wp\/v2\/media?parent=15750"}],"wp:term":[{"taxonomy":"category","embeddable":true,"href":"https:\/\/jeffersonisac.adv.br\/index.php\/wp-json\/wp\/v2\/categories?post=15750"},{"taxonomy":"post_tag","embeddable":true,"href":"https:\/\/jeffersonisac.adv.br\/index.php\/wp-json\/wp\/v2\/tags?post=15750"}],"curies":[{"name":"wp","href":"https:\/\/api.w.org\/{rel}","templated":true}]}}