{"id":15754,"date":"2026-03-19T18:24:28","date_gmt":"2026-03-19T21:24:28","guid":{"rendered":"https:\/\/jeffersonisac.adv.br\/index.php\/2026\/03\/19\/comissao-aprova-criacao-do-livro-dos-herois-e-heroinas-da-pandemia\/"},"modified":"2026-03-19T18:24:28","modified_gmt":"2026-03-19T21:24:28","slug":"comissao-aprova-criacao-do-livro-dos-herois-e-heroinas-da-pandemia","status":"publish","type":"post","link":"https:\/\/jeffersonisac.adv.br\/index.php\/2026\/03\/19\/comissao-aprova-criacao-do-livro-dos-herois-e-heroinas-da-pandemia\/","title":{"rendered":"Comiss\u00e3o aprova cria\u00e7\u00e3o do Livro dos Her\u00f3is e Hero\u00ednas da Pandemia"},"content":{"rendered":"<div class=\"image-container\">\n<div class=\"midia-creditos\"><em>Renato Ara\u00fajo \/ C\u00e2mara dos Deputados<\/em><\/div>\n<div class=\"media-wrapper\"><\/div>\n<div class=\"midia-legenda\">Deputado Rubens Pereira J\u00fanior, relator na CCJ<\/div>\n<\/div>\n<p>A Comiss\u00e3o de Constitui\u00e7\u00e3o e Justi\u00e7a e de Cidadania (CCJ) da C\u00e2mara dos Deputados aprovou projeto de lei que institui o Livro dos Her\u00f3is e Hero\u00ednas da Pandemia de Covid-19. Destinado ao registro perp\u00e9tuo dos nomes, o livro dever\u00e1 ser depositado no Pante\u00e3o da P\u00e1tria e da Liberdade Tancredo Neves, em Bras\u00edlia.<\/p>\n<p>Por recomenda\u00e7\u00e3o do relator na CCJ, deputado Rubens Pereira J\u00fanior (PT-MA), foi aprovada a vers\u00e3o da Comiss\u00e3o de Cultura para o Projeto de Lei 3820\/21, do Senado, e um <span class=\"termoGlossario\">apensado<\/span>. O <span class=\"termoGlossario\">substitutivo<\/span> reuniu as iniciativas em um s\u00f3 texto.<\/p>\n<p>\u201cO objetivo de ambas as propostas \u00e9 o mesmo: prestar homenagem perp\u00e9tua aos profissionais de sa\u00fade que atuaram no enfrentamento da pandemia de Covid-19\u201d, afirmou Rubens Pereira J\u00fanior em seu parecer.<\/p>\n<p>A vers\u00e3o aprovada prev\u00ea a homenagem para \u201ctodos os profissionais de sa\u00fade que, com dedica\u00e7\u00e3o e hero\u00edsmo, atuaram no enfrentamento da pandemia de Covid-19 em territ\u00f3rio brasileiro\u201d. Pelo texto, haver\u00e1 ainda inscri\u00e7\u00e3o espec\u00edfica dedicada aos profissionais que morreram em raz\u00e3o desse trabalho.<\/p>\n<p><strong>Mudan\u00e7a na lei<\/strong><br \/>\nA proposta original foi apresentada pela Comiss\u00e3o Parlamentar de Inqu\u00e9rito (<span class=\"termoGlossario\">CPI<\/span>) da Pandemia. Assim como o original, o texto aprovado altera a <a class=\"linkLegislacao\" href=\"https:\/\/www2.camara.gov.br\/legin\/fed\/lei\/2007\/lei-11597-29-novembro-2007-564929-norma-pl.html\">Lei 11.597\/07<\/a>, que trata da inscri\u00e7\u00e3o de nomes no Livro dos Her\u00f3is e Hero\u00ednas da P\u00e1tria.<\/p>\n<p>A mudan\u00e7a cria uma exce\u00e7\u00e3o para permitir a homenagem aos profissionais de sa\u00fade sem a necessidade de cumprir o prazo de dez anos ap\u00f3s a morte, exigido pela legisla\u00e7\u00e3o, ou a presun\u00e7\u00e3o de morte em campo de batalha.<\/p>\n<p>O Livro dos Her\u00f3is e das Hero\u00ednas da P\u00e1tria fica no Pante\u00e3o da P\u00e1tria, na Pra\u00e7a dos Tr\u00eas Poderes. Criado em 1992, re\u00fane protagonistas da liberdade e da democracia que dedicaram sua vida ao pa\u00eds em algum momento da hist\u00f3ria. A inscri\u00e7\u00e3o de um novo personagem depende de lei aprovada no Congresso.<\/p>\n<p><strong>Pr\u00f3ximos passos<\/strong><br \/>\nA proposta, analisada em <span class=\"termoGlossario\">car\u00e1ter conclusivo<\/span>, dever\u00e1 retornar ao Senado para an\u00e1lise das altera\u00e7\u00f5es feitas pelos deputados, a menos que haja recurso para vota\u00e7\u00e3o no Plen\u00e1rio da C\u00e2mara. Para virar lei, a vers\u00e3o final precisa ser aprovada pelas duas Casas.<\/p>\n<p><a href=\"https:\/\/www.camara.leg.br\/noticias\/573454-SAIBA-MAIS-SOBRE-A-TRAMITACAO-DE-PROJETOS-DE-LEI\">Saiba mais sobre a tramita\u00e7\u00e3o de projetos de lei<\/a><\/p>","protected":false},"excerpt":{"rendered":"<p>Renato Ara\u00fajo \/ C\u00e2mara dos Deputados Deputado Rubens Pereira J\u00fanior, relator na CCJ A Comiss\u00e3o de Constitui\u00e7\u00e3o e Justi\u00e7a e de Cidadania (CCJ) da C\u00e2mara dos Deputados aprovou projeto de lei que institui o Livro dos Her\u00f3is e Hero\u00ednas da Pandemia de Covid-19. Destinado ao registro perp\u00e9tuo dos nomes, o livro dever\u00e1 ser depositado no [&hellip;]<\/p>\n","protected":false},"author":0,"featured_media":0,"comment_status":"open","ping_status":"open","sticky":false,"template":"","format":"standard","meta":{"footnotes":""},"categories":[1],"tags":[],"_links":{"self":[{"href":"https:\/\/jeffersonisac.adv.br\/index.php\/wp-json\/wp\/v2\/posts\/15754"}],"collection":[{"href":"https:\/\/jeffersonisac.adv.br\/index.php\/wp-json\/wp\/v2\/posts"}],"about":[{"href":"https:\/\/jeffersonisac.adv.br\/index.php\/wp-json\/wp\/v2\/types\/post"}],"replies":[{"embeddable":true,"href":"https:\/\/jeffersonisac.adv.br\/index.php\/wp-json\/wp\/v2\/comments?post=15754"}],"version-history":[{"count":0,"href":"https:\/\/jeffersonisac.adv.br\/index.php\/wp-json\/wp\/v2\/posts\/15754\/revisions"}],"wp:attachment":[{"href":"https:\/\/jeffersonisac.adv.br\/index.php\/wp-json\/wp\/v2\/media?parent=15754"}],"wp:term":[{"taxonomy":"category","embeddable":true,"href":"https:\/\/jeffersonisac.adv.br\/index.php\/wp-json\/wp\/v2\/categories?post=15754"},{"taxonomy":"post_tag","embeddable":true,"href":"https:\/\/jeffersonisac.adv.br\/index.php\/wp-json\/wp\/v2\/tags?post=15754"}],"curies":[{"name":"wp","href":"https:\/\/api.w.org\/{rel}","templated":true}]}}