{"id":15756,"date":"2026-03-19T19:24:42","date_gmt":"2026-03-19T22:24:42","guid":{"rendered":"https:\/\/jeffersonisac.adv.br\/index.php\/2026\/03\/19\/comissao-aprova-prazo-de-60-dias-para-inicio-de-tratamento-de-autismo-no-sus-e-em-planos-de-saude\/"},"modified":"2026-03-19T19:24:42","modified_gmt":"2026-03-19T22:24:42","slug":"comissao-aprova-prazo-de-60-dias-para-inicio-de-tratamento-de-autismo-no-sus-e-em-planos-de-saude","status":"publish","type":"post","link":"https:\/\/jeffersonisac.adv.br\/index.php\/2026\/03\/19\/comissao-aprova-prazo-de-60-dias-para-inicio-de-tratamento-de-autismo-no-sus-e-em-planos-de-saude\/","title":{"rendered":"Comiss\u00e3o aprova prazo de 60 dias para in\u00edcio de tratamento de autismo no SUS e em planos de sa\u00fade"},"content":{"rendered":"<div class=\"image-container\">\n<div class=\"midia-creditos\"><em>Marina Ramos \/ C\u00e2mara dos Deputados<\/em><\/div>\n<div class=\"media-wrapper\"><\/div>\n<div class=\"midia-legenda\">Cathedral: demora compromete desenvolvimento dos pacientes<\/div>\n<\/div>\n<p class=\"mb-2 whitespace-pre-wrap\">A Comiss\u00e3o de Defesa dos Direitos das Pessoas com Defici\u00eancia da C\u00e2mara dos Deputados aprovou proposta que obriga o Sistema \u00danico de Sa\u00fade (SUS) e os planos de sa\u00fade privados a iniciarem o tratamento de pessoas com Transtorno do Espectro Autista (TEA) em no m\u00e1ximo 60 dias ap\u00f3s o diagn\u00f3stico. A\u00a0medida visa garantir a interven\u00e7\u00e3o precoce e evitar a judicializa\u00e7\u00e3o para obten\u00e7\u00e3o de terapias.<\/p>\n<p class=\"mb-2 whitespace-pre-wrap\">O colegiado aprovou o parecer favor\u00e1vel do relator, deputado Z\u00e9 Haroldo Cathedral (PSD-RR), ao Projeto de Lei 1589\/24, da deputada Clarissa T\u00e9rcio (PP-PE).<\/p>\n<p class=\"mb-2 whitespace-pre-wrap\">A proposta altera a <a href=\"https:\/\/www2.camara.leg.br\/legin\/fed\/lei\/2012\/lei-12764-27-dezembro-2012-774838-norma-pl.html\">Pol\u00edtica Nacional de Prote\u00e7\u00e3o dos Direitos da Pessoa com Transtorno do Espectro Autista<\/a>. O relator manteve o texto original concordando que a demora no atendimento compromete o desenvolvimento dos pacientes.<\/p>\n<p class=\"mb-2 whitespace-pre-wrap\"><strong>Regras do prazo<br \/>\n<\/strong>Pelo texto aprovado, a contagem do prazo come\u00e7a a partir da data em que for firmado o diagn\u00f3stico em laudo patol\u00f3gico. A medida se aplica tanto \u00e0 rede p\u00fablica quanto \u00e0 privada. O texto estabelece os seguintes crit\u00e9rios:<\/p>\n<p>prazo m\u00e1ximo de 60 dias para o in\u00edcio do primeiro tratamento;<br \/>\npossibilidade de prazo menor, caso haja necessidade terap\u00eautica registrada em prontu\u00e1rio m\u00e9dico;<br \/>\nabrang\u00eancia: SUS e planos de sa\u00fade privados.<\/p>\n<p class=\"mb-2 whitespace-pre-wrap\">&#8220;A ci\u00eancia demonstra de forma robusta que interven\u00e7\u00f5es precoces e adequadas desempenham um papel crucial no desenvolvimento e na capacidade de socializa\u00e7\u00e3o. A demora na disponibiliza\u00e7\u00e3o desses tratamentos compromete o potencial de progresso e autonomia&#8221;, destacou o relator em seu parecer, citando argumentos da justificativa do projeto.<\/p>\n<p class=\"mb-2 whitespace-pre-wrap\"><strong>Pr\u00f3ximos passos<br \/>\n<\/strong>A proposta, que tramita em <span class=\"termoGlossario\">car\u00e1ter conclusivo<\/span>, ainda ser\u00e1 analisada pelas Comiss\u00f5es de Sa\u00fade e de Constitui\u00e7\u00e3o e Justi\u00e7a e de Cidadania. Para virar lei, o texto precisa ser aprovado pela C\u00e2mara e pelo Senado.<\/p>\n<p><a href=\"https:\/\/www.camara.leg.br\/noticias\/573454-SAIBA-MAIS-SOBRE-A-TRAMITACAO-DE-PROJETOS-DE-LEI\">Saiba mais sobre a tramita\u00e7\u00e3o de projetos de lei<\/a><\/p>","protected":false},"excerpt":{"rendered":"<p>Marina Ramos \/ C\u00e2mara dos Deputados Cathedral: demora compromete desenvolvimento dos pacientes A Comiss\u00e3o de Defesa dos Direitos das Pessoas com Defici\u00eancia da C\u00e2mara dos Deputados aprovou proposta que obriga o Sistema \u00danico de Sa\u00fade (SUS) e os planos de sa\u00fade privados a iniciarem o tratamento de pessoas com Transtorno do Espectro Autista (TEA) em [&hellip;]<\/p>\n","protected":false},"author":0,"featured_media":0,"comment_status":"open","ping_status":"open","sticky":false,"template":"","format":"standard","meta":{"footnotes":""},"categories":[1],"tags":[],"_links":{"self":[{"href":"https:\/\/jeffersonisac.adv.br\/index.php\/wp-json\/wp\/v2\/posts\/15756"}],"collection":[{"href":"https:\/\/jeffersonisac.adv.br\/index.php\/wp-json\/wp\/v2\/posts"}],"about":[{"href":"https:\/\/jeffersonisac.adv.br\/index.php\/wp-json\/wp\/v2\/types\/post"}],"replies":[{"embeddable":true,"href":"https:\/\/jeffersonisac.adv.br\/index.php\/wp-json\/wp\/v2\/comments?post=15756"}],"version-history":[{"count":0,"href":"https:\/\/jeffersonisac.adv.br\/index.php\/wp-json\/wp\/v2\/posts\/15756\/revisions"}],"wp:attachment":[{"href":"https:\/\/jeffersonisac.adv.br\/index.php\/wp-json\/wp\/v2\/media?parent=15756"}],"wp:term":[{"taxonomy":"category","embeddable":true,"href":"https:\/\/jeffersonisac.adv.br\/index.php\/wp-json\/wp\/v2\/categories?post=15756"},{"taxonomy":"post_tag","embeddable":true,"href":"https:\/\/jeffersonisac.adv.br\/index.php\/wp-json\/wp\/v2\/tags?post=15756"}],"curies":[{"name":"wp","href":"https:\/\/api.w.org\/{rel}","templated":true}]}}