{"id":15757,"date":"2026-03-19T19:24:42","date_gmt":"2026-03-19T22:24:42","guid":{"rendered":"https:\/\/jeffersonisac.adv.br\/index.php\/2026\/03\/19\/comissao-aprova-inscricao-do-nome-de-padre-ibiapina-no-livro-dos-herois-da-patria\/"},"modified":"2026-03-19T19:24:42","modified_gmt":"2026-03-19T22:24:42","slug":"comissao-aprova-inscricao-do-nome-de-padre-ibiapina-no-livro-dos-herois-da-patria","status":"publish","type":"post","link":"https:\/\/jeffersonisac.adv.br\/index.php\/2026\/03\/19\/comissao-aprova-inscricao-do-nome-de-padre-ibiapina-no-livro-dos-herois-da-patria\/","title":{"rendered":"Comiss\u00e3o aprova inscri\u00e7\u00e3o do nome de Padre Ibiapina no Livro dos Her\u00f3is da P\u00e1tria"},"content":{"rendered":"<div class=\"image-container\">\n<div class=\"midia-creditos\"><em>Kayo Magalh\u00e3es \/ C\u00e2mara dos Deputados<\/em><\/div>\n<div class=\"media-wrapper\"><\/div>\n<div class=\"midia-legenda\">Deputado Patrus Ananias, relator do projeto de lei na CCJ<\/div>\n<\/div>\n<p>A Comiss\u00e3o de Constitui\u00e7\u00e3o e Justi\u00e7a e de Cidadania (CCJ) da C\u00e2mara dos Deputados aprovou o Projeto de Lei 5908\/23, que inscreve o nome do padre Jos\u00e9 Ant\u00f4nio Maria Ibiapina no Livro de Her\u00f3is e Hero\u00ednas da P\u00e1tria.<\/p>\n<p>O relator na CCJ, deputado Patrus Ananias (PT-MG), recomendou a aprova\u00e7\u00e3o do texto. \u201cA proposta reconhece a grandeza de vida e obra em favor da justi\u00e7a social, da educa\u00e7\u00e3o e da dignidade humana, sobretudo no Nordeste\u201d, disse ele.<\/p>\n<p>Como foi analisada em <span class=\"termoGlossario\">car\u00e1ter conclusivo<\/span>, a proposta dever\u00e1 seguir para o Senado, salvo se houver recurso para an\u00e1lise no Plen\u00e1rio da C\u00e2mara. Para virar lei, a vers\u00e3o final do texto precisa ser aprovada pelas duas Casas.<\/p>\n<p><strong>Atua\u00e7\u00e3o emblem\u00e1tica<\/strong><br \/>\nAutor da proposta, o deputado Luiz Couto (PT-PB) afirmou que Padre Ibiapina (1806-1883) foi uma \u201cfigura emblem\u00e1tica no Nordeste brasileiro durante o s\u00e9culo 19\u201d, com atua\u00e7\u00e3o destacada na regi\u00e3o do Cariri, entre o Cear\u00e1 e a Para\u00edba.<\/p>\n<p>\u201cEm uma \u00e9poca de grandes dificuldades, como secas e doen\u00e7as, Padre Ibiapina representou um s\u00edmbolo de esperan\u00e7a e solidariedade, dedicando-se incansavelmente ao aux\u00edlio dos mais necessitados\u201d, disse Luiz Couto.<\/p>\n<p>O Livro dos Her\u00f3is e das Hero\u00ednas da P\u00e1tria fica no Pante\u00e3o da P\u00e1tria, na Pra\u00e7a dos Tr\u00eas Poderes, em Bras\u00edlia. Criado em 1992, re\u00fane protagonistas da liberdade e da democracia, que dedicaram sua vida ao pa\u00eds em algum momento da hist\u00f3ria. A inscri\u00e7\u00e3o de um novo personagem depende de lei aprovada no Congresso.<\/p>\n<p><a href=\"https:\/\/www.camara.leg.br\/noticias\/573454-SAIBA-MAIS-SOBRE-A-TRAMITACAO-DE-PROJETOS-DE-LEI\">Saiba mais sobre a tramita\u00e7\u00e3o de projetos de lei<\/a><\/p>","protected":false},"excerpt":{"rendered":"<p>Kayo Magalh\u00e3es \/ C\u00e2mara dos Deputados Deputado Patrus Ananias, relator do projeto de lei na CCJ A Comiss\u00e3o de Constitui\u00e7\u00e3o e Justi\u00e7a e de Cidadania (CCJ) da C\u00e2mara dos Deputados aprovou o Projeto de Lei 5908\/23, que inscreve o nome do padre Jos\u00e9 Ant\u00f4nio Maria Ibiapina no Livro de Her\u00f3is e Hero\u00ednas da P\u00e1tria. O [&hellip;]<\/p>\n","protected":false},"author":0,"featured_media":0,"comment_status":"open","ping_status":"open","sticky":false,"template":"","format":"standard","meta":{"footnotes":""},"categories":[1],"tags":[],"_links":{"self":[{"href":"https:\/\/jeffersonisac.adv.br\/index.php\/wp-json\/wp\/v2\/posts\/15757"}],"collection":[{"href":"https:\/\/jeffersonisac.adv.br\/index.php\/wp-json\/wp\/v2\/posts"}],"about":[{"href":"https:\/\/jeffersonisac.adv.br\/index.php\/wp-json\/wp\/v2\/types\/post"}],"replies":[{"embeddable":true,"href":"https:\/\/jeffersonisac.adv.br\/index.php\/wp-json\/wp\/v2\/comments?post=15757"}],"version-history":[{"count":0,"href":"https:\/\/jeffersonisac.adv.br\/index.php\/wp-json\/wp\/v2\/posts\/15757\/revisions"}],"wp:attachment":[{"href":"https:\/\/jeffersonisac.adv.br\/index.php\/wp-json\/wp\/v2\/media?parent=15757"}],"wp:term":[{"taxonomy":"category","embeddable":true,"href":"https:\/\/jeffersonisac.adv.br\/index.php\/wp-json\/wp\/v2\/categories?post=15757"},{"taxonomy":"post_tag","embeddable":true,"href":"https:\/\/jeffersonisac.adv.br\/index.php\/wp-json\/wp\/v2\/tags?post=15757"}],"curies":[{"name":"wp","href":"https:\/\/api.w.org\/{rel}","templated":true}]}}