{"id":15760,"date":"2026-03-20T08:24:26","date_gmt":"2026-03-20T11:24:26","guid":{"rendered":"https:\/\/jeffersonisac.adv.br\/index.php\/2026\/03\/20\/comissao-aprova-seis-projetos-que-criam-datas-comemorativas\/"},"modified":"2026-03-20T08:24:26","modified_gmt":"2026-03-20T11:24:26","slug":"comissao-aprova-seis-projetos-que-criam-datas-comemorativas","status":"publish","type":"post","link":"https:\/\/jeffersonisac.adv.br\/index.php\/2026\/03\/20\/comissao-aprova-seis-projetos-que-criam-datas-comemorativas\/","title":{"rendered":"Comiss\u00e3o aprova seis projetos que criam datas comemorativas"},"content":{"rendered":"<div class=\"image-container\">\n<div class=\"midia-creditos\"><em>Vinicius Loures \/ C\u00e2mara dos Deputados<\/em><\/div>\n<div class=\"media-wrapper\"><\/div>\n<div class=\"midia-legenda\">CCJ durante reuni\u00e3o deliberativa<\/div>\n<\/div>\n<p>A Comiss\u00e3o de Constitui\u00e7\u00e3o e Justi\u00e7a e de Cidadania (CCJ) da C\u00e2mara dos Deputados aprovou seis projetos de lei que tratam de datas comemorativas no Brasil. Foram aprovados:<\/p>\n<p>PL 1274\/22, do ex-deputado Chico D&#8217;Angelo (RJ), que institui o Dia Nacional de Conscientiza\u00e7\u00e3o da Apraxia de Fala na Inf\u00e2ncia, em 14 de maio, para ampliar o conhecimento da popula\u00e7\u00e3o sobre esse dist\u00farbio neurol\u00f3gico;<br \/>\nPL 2335\/25, do deputado General Gir\u00e3o (PL-RN), que cria o Dia Nacional da Heran\u00e7a Cultural dos Poloneses no Brasil, em 11 de novembro, para reconhecer a contribui\u00e7\u00e3o dessa comunidade para a cultura nacional;<br \/>\nPL 3342\/24, do deputado Vinicius Carvalho (Republicanos-SP), que institui o Dia do M\u00e9dico Nefrologista, em 2 de agosto, para valorizar os profissionais especializados no diagn\u00f3stico e tratamento de doen\u00e7as do sistema urin\u00e1rio;<br \/>\nPL 4595\/24, do deputado Jonas Donizette (PSB-SP), que cria o Dia Nacional da Cirurgia Pl\u00e1stica Reparadora e Est\u00e9tica, em 5 de julho, para homenagear a especialidade m\u00e9dica;<br \/>\nPL 856\/25, do deputado Fl\u00e1vio Nogueira (PT-PI), que institui o Dia Nacional do Livro Paradid\u00e1tico, em 21 de junho, para lembrar a import\u00e2ncia dessas obras no incentivo \u00e0 leitura; e<br \/>\nPL 292\/23, do deputado Guilherme Uchoa (PSB-PE), que cria a campanha \u201cFevereiro Laranja\u201d, com alertas para a conscientiza\u00e7\u00e3o, o diagn\u00f3stico precoce e o tratamento da leucemia e para a doa\u00e7\u00e3o de medula \u00f3ssea.<\/p>\n<p>Como foram analisadas em <span class=\"termoGlossario\">car\u00e1ter conclusivo<\/span>, as propostas dever\u00e3o seguir para o Senado, salvo se houver recurso para an\u00e1lise no Plen\u00e1rio da C\u00e2mara. Para virar lei, a vers\u00e3o final desses textos precisa ser aprovada pelas duas Casas.<\/p>\n<p><a href=\"https:\/\/www.camara.leg.br\/noticias\/573454-SAIBA-MAIS-SOBRE-A-TRAMITACAO-DE-PROJETOS-DE-LEI\">Saiba mais sobre a tramita\u00e7\u00e3o de projetos de lei<\/a><\/p>","protected":false},"excerpt":{"rendered":"<p>Vinicius Loures \/ C\u00e2mara dos Deputados CCJ durante reuni\u00e3o deliberativa A Comiss\u00e3o de Constitui\u00e7\u00e3o e Justi\u00e7a e de Cidadania (CCJ) da C\u00e2mara dos Deputados aprovou seis projetos de lei que tratam de datas comemorativas no Brasil. Foram aprovados: PL 1274\/22, do ex-deputado Chico D&#8217;Angelo (RJ), que institui o Dia Nacional de Conscientiza\u00e7\u00e3o da Apraxia de [&hellip;]<\/p>\n","protected":false},"author":0,"featured_media":0,"comment_status":"open","ping_status":"open","sticky":false,"template":"","format":"standard","meta":{"footnotes":""},"categories":[1],"tags":[],"_links":{"self":[{"href":"https:\/\/jeffersonisac.adv.br\/index.php\/wp-json\/wp\/v2\/posts\/15760"}],"collection":[{"href":"https:\/\/jeffersonisac.adv.br\/index.php\/wp-json\/wp\/v2\/posts"}],"about":[{"href":"https:\/\/jeffersonisac.adv.br\/index.php\/wp-json\/wp\/v2\/types\/post"}],"replies":[{"embeddable":true,"href":"https:\/\/jeffersonisac.adv.br\/index.php\/wp-json\/wp\/v2\/comments?post=15760"}],"version-history":[{"count":0,"href":"https:\/\/jeffersonisac.adv.br\/index.php\/wp-json\/wp\/v2\/posts\/15760\/revisions"}],"wp:attachment":[{"href":"https:\/\/jeffersonisac.adv.br\/index.php\/wp-json\/wp\/v2\/media?parent=15760"}],"wp:term":[{"taxonomy":"category","embeddable":true,"href":"https:\/\/jeffersonisac.adv.br\/index.php\/wp-json\/wp\/v2\/categories?post=15760"},{"taxonomy":"post_tag","embeddable":true,"href":"https:\/\/jeffersonisac.adv.br\/index.php\/wp-json\/wp\/v2\/tags?post=15760"}],"curies":[{"name":"wp","href":"https:\/\/api.w.org\/{rel}","templated":true}]}}