{"id":15761,"date":"2026-03-20T09:24:52","date_gmt":"2026-03-20T12:24:52","guid":{"rendered":"https:\/\/jeffersonisac.adv.br\/index.php\/2026\/03\/20\/comissao-aprova-monitoramento-de-presos-com-uso-de-cameras-gps-e-biometria\/"},"modified":"2026-03-20T09:24:52","modified_gmt":"2026-03-20T12:24:52","slug":"comissao-aprova-monitoramento-de-presos-com-uso-de-cameras-gps-e-biometria","status":"publish","type":"post","link":"https:\/\/jeffersonisac.adv.br\/index.php\/2026\/03\/20\/comissao-aprova-monitoramento-de-presos-com-uso-de-cameras-gps-e-biometria\/","title":{"rendered":"Comiss\u00e3o aprova monitoramento de presos com uso de c\u00e2meras, GPS e biometria"},"content":{"rendered":"<div class=\"image-container\">\n<div class=\"midia-creditos\"><em>Renato Ara\u00fajo \/ C\u00e2mara dos Deputados<\/em><\/div>\n<div class=\"media-wrapper\"><\/div>\n<div class=\"midia-legenda\">Capit\u00e3o Alden \u00e9 o relator da proposta<\/div>\n<\/div>\n<p class=\"mb-2 whitespace-pre-wrap\">A Comiss\u00e3o de Seguran\u00e7a P\u00fablica da C\u00e2mara dos Deputados aprovou proposta que cria o Sistema Complementar de Monitoramento Eletr\u00f4nico Avan\u00e7ado para permitir o uso simult\u00e2neo ou isolado de c\u00e2meras corporais, geolocaliza\u00e7\u00e3o (GPS) e sensores biom\u00e9tricos para fiscalizar presos nos regimes aberto e semiaberto.<\/p>\n<p class=\"mb-2 whitespace-pre-wrap\">O colegiado aprovou o <span class=\"termoGlossario\">substitutivo<\/span> do relator, deputado Capit\u00e3o Alden (PL-BA), ao <a class=\"linkProposicao\" href=\"https:\/\/www.camara.leg.br\/noticias\/1155246-projeto-preve-uso-de-camera-corporal-em-vez-de-tornozeleira-para-monitoracao-de-apenado\">Projeto de Lei 4774\/24<\/a>, do deputado Sargento Portugal (Pode-RJ). A reda\u00e7\u00e3o original previa apenas o uso obrigat\u00f3rio de c\u00e2meras corporais pagas pelo pr\u00f3prio preso. J\u00e1 o texto aprovado amplia as op\u00e7\u00f5es tecnol\u00f3gicas e retira a obrigatoriedade autom\u00e1tica.<\/p>\n<p class=\"mb-2 whitespace-pre-wrap\"><strong>Quem ser\u00e1 monitorado com prioridade<br \/>\n<\/strong>Pelo novo texto, caber\u00e1 ao juiz decidir, caso a caso, qual tecnologia do SCMEA ser\u00e1 utilizada. A decis\u00e3o deve ser fundamentada e considerar o risco que o preso representa. O texto estabelece quatro grupos priorit\u00e1rios para a aplica\u00e7\u00e3o do monitoramento eletr\u00f4nico complementar:<\/p>\n<p>condenados por crimes praticados com viol\u00eancia ou grave amea\u00e7a;<br \/>\nenvolvidos em delitos relacionados \u00e0 criminalidade organizada;<br \/>\ncasos de reincid\u00eancia espec\u00edfica ou reiterada; e<br \/>\npresos com hist\u00f3rico de descumprimento anterior de medidas de monitora\u00e7\u00e3o eletr\u00f4nica.<\/p>\n<p class=\"mb-2 whitespace-pre-wrap\">&#8220;As modifica\u00e7\u00f5es superam as limita\u00e7\u00f5es da proposta original, promovendo a individualiza\u00e7\u00e3o da pena e a ressocializa\u00e7\u00e3o efetiva, sem a rigidez excessiva que poderia violar a dignidade humana&#8221;, explicou o relator.<\/p>\n<p class=\"mb-2 whitespace-pre-wrap\"><strong>Pagamento do equipamento<br \/>\n<\/strong>O projeto original condicionava o benef\u00edcio do regime aberto ou semiaberto, entre outros direitos, ao pagamento da c\u00e2mera pelo preso. O texto aprovado mant\u00e9m a prefer\u00eancia pelo pagamento por conta do apenado, mas prev\u00ea que o Estado pague o custo se o preso comprovar que n\u00e3o tem dinheiro, evitando que a falta de recursos impe\u00e7a o acesso a direitos previstos em lei.<\/p>\n<p class=\"mb-2 whitespace-pre-wrap\"><strong>Uso das imagens e seguran\u00e7a<br \/>\n<\/strong>O projeto tamb\u00e9m define regras para o armazenamento das grava\u00e7\u00f5es e o uso das informa\u00e7\u00f5es coletadas pelo sistema. As imagens poder\u00e3o ser usadas para fiscalizar o cumprimento da pena e como prova em processos judiciais. O texto prev\u00ea a integra\u00e7\u00e3o desses dados com os sistemas de seguran\u00e7a p\u00fablica.<\/p>\n<p>A medida altera a <a class=\"linkLegislacao\" href=\"https:\/\/www2.camara.gov.br\/legin\/fed\/lei\/1980-1987\/lei-7210-11-julho-1984-356938-norma-pl.html\">Lei de Execu\u00e7\u00e3o Penal<\/a>.<\/p>\n<p><strong>Pr\u00f3ximos passos<br \/>\n<\/strong>A proposta ainda ser\u00e1 analisada pela Comiss\u00e3o de Constitui\u00e7\u00e3o e Justi\u00e7a e de Cidadania. O texto est\u00e1 sujeito \u00e0 an\u00e1lise do Plen\u00e1rio. Para virar lei, o texto precisa ser aprovado pela C\u00e2mara e pelo Senado.<\/p>\n<p><a href=\"https:\/\/www.camara.leg.br\/noticias\/573454-SAIBA-MAIS-SOBRE-A-TRAMITACAO-DE-PROJETOS-DE-LEI\">Saiba mais sobre a tramita\u00e7\u00e3o de projetos de lei\u00a0<\/a><\/p>","protected":false},"excerpt":{"rendered":"<p>Renato Ara\u00fajo \/ C\u00e2mara dos Deputados Capit\u00e3o Alden \u00e9 o relator da proposta A Comiss\u00e3o de Seguran\u00e7a P\u00fablica da C\u00e2mara dos Deputados aprovou proposta que cria o Sistema Complementar de Monitoramento Eletr\u00f4nico Avan\u00e7ado para permitir o uso simult\u00e2neo ou isolado de c\u00e2meras corporais, geolocaliza\u00e7\u00e3o (GPS) e sensores biom\u00e9tricos para fiscalizar presos nos regimes aberto e [&hellip;]<\/p>\n","protected":false},"author":0,"featured_media":0,"comment_status":"open","ping_status":"open","sticky":false,"template":"","format":"standard","meta":{"footnotes":""},"categories":[1],"tags":[],"_links":{"self":[{"href":"https:\/\/jeffersonisac.adv.br\/index.php\/wp-json\/wp\/v2\/posts\/15761"}],"collection":[{"href":"https:\/\/jeffersonisac.adv.br\/index.php\/wp-json\/wp\/v2\/posts"}],"about":[{"href":"https:\/\/jeffersonisac.adv.br\/index.php\/wp-json\/wp\/v2\/types\/post"}],"replies":[{"embeddable":true,"href":"https:\/\/jeffersonisac.adv.br\/index.php\/wp-json\/wp\/v2\/comments?post=15761"}],"version-history":[{"count":0,"href":"https:\/\/jeffersonisac.adv.br\/index.php\/wp-json\/wp\/v2\/posts\/15761\/revisions"}],"wp:attachment":[{"href":"https:\/\/jeffersonisac.adv.br\/index.php\/wp-json\/wp\/v2\/media?parent=15761"}],"wp:term":[{"taxonomy":"category","embeddable":true,"href":"https:\/\/jeffersonisac.adv.br\/index.php\/wp-json\/wp\/v2\/categories?post=15761"},{"taxonomy":"post_tag","embeddable":true,"href":"https:\/\/jeffersonisac.adv.br\/index.php\/wp-json\/wp\/v2\/tags?post=15761"}],"curies":[{"name":"wp","href":"https:\/\/api.w.org\/{rel}","templated":true}]}}