{"id":15762,"date":"2026-03-20T10:24:28","date_gmt":"2026-03-20T13:24:28","guid":{"rendered":"https:\/\/jeffersonisac.adv.br\/index.php\/2026\/03\/20\/projeto-aprovado-em-comissao-permite-que-motorista-com-cnh-tipo-b-dirija-carros-eletricos-de-ate-4-250-kg\/"},"modified":"2026-03-20T10:24:28","modified_gmt":"2026-03-20T13:24:28","slug":"projeto-aprovado-em-comissao-permite-que-motorista-com-cnh-tipo-b-dirija-carros-eletricos-de-ate-4-250-kg","status":"publish","type":"post","link":"https:\/\/jeffersonisac.adv.br\/index.php\/2026\/03\/20\/projeto-aprovado-em-comissao-permite-que-motorista-com-cnh-tipo-b-dirija-carros-eletricos-de-ate-4-250-kg\/","title":{"rendered":"Projeto aprovado em comiss\u00e3o permite que motorista com CNH tipo B dirija carros el\u00e9tricos de at\u00e9 4.250 kg"},"content":{"rendered":"<div class=\"image-container\">\n<div class=\"midia-creditos\"><em>Renato Ara\u00fajo\/C\u00e2mara dos Deputados<\/em><\/div>\n<div class=\"media-wrapper\"><\/div>\n<div class=\"midia-legenda\">Hugo Leal incluiu ve\u00edculos h\u00edbridos entre os que podem ser dirigidos com carteira tipo B<\/div>\n<\/div>\n<p>A Comiss\u00e3o de Via\u00e7\u00e3o e Transportes da C\u00e2mara dos Deputados aprovou projeto de lei que autoriza motoristas com carteira de habilita\u00e7\u00e3o na categoria B a dirigirem ve\u00edculos el\u00e9tricos de at\u00e9 4.250 kg. Hoje, o <a href=\"https:\/\/www2.camara.gov.br\/legin\/fed\/lei\/1997\/lei-9503-23-setembro-1997-372348-norma-pl.html\">C\u00f3digo de Tr\u00e2nsito Brasileiro<\/a> permite que esses motoristas dirijam ve\u00edculos de at\u00e9 3.500 kg.<\/p>\n<p>A medida se aplica a ve\u00edculos com propuls\u00e3o el\u00e9trica ou h\u00edbrida e tra\u00e7\u00e3o predominantemente el\u00e9trica. Outros crit\u00e9rios poder\u00e3o ser definidos em regulamento pelo Conselho Nacional de Tr\u00e2nsito (Contran).<\/p>\n<p>Peso das baterias<br \/>\nA comiss\u00e3o aprovou o <a class=\"linkProposicao\" href=\"https:\/\/www.camara.leg.br\/noticias\/1138254-projeto-atualiza-codigo-de-transito-para-abranger-veiculos-eletricos-na-categoria-b\">Projeto de Lei 305\/25<\/a>, do deputado Pedro Aihara (PRD-MG), com emendas do relator, deputado Hugo Leal (PSD-RJ).<\/p>\n<p>Aihara afirma que o objetivo \u00e9 compensar o peso extra das baterias nesses modelos, que costumam ser mais pesados que os carros a combust\u00e3o.<\/p>\n<p>As categorias da Carteira Nacional de Habilita\u00e7\u00e3o (CNH) variam, de A a E, conforme o tipo do ve\u00edculo, seu peso e a quantidade de passageiros.<\/p>\n<p><strong>H\u00edbridos<\/strong><br \/>\nAs emendas do relator, al\u00e9m de alterarem a reda\u00e7\u00e3o do projeto, inclu\u00edram no texto os ve\u00edculos h\u00edbridos com tra\u00e7\u00e3o predominantemente el\u00e9trica.<\/p>\n<p>\u201cA pr\u00f3pria justifica\u00e7\u00e3o do projeto menciona que ve\u00edculos el\u00e9tricos e h\u00edbridos superar\u00e3o os movidos \u00e0 combust\u00e3o at\u00e9 2030, demonstrando que ambas as tecnologias merecem tratamento ison\u00f4mico\u201d, disse Leal.<\/p>\n<p><a href=\"https:\/\/www.camara.leg.br\/proposicoesWeb\/prop_mostrarintegra?codteor=3099789&amp;filename=PRL+2+CVT+%3D%3E+PL+305\/2025\">Confira a \u00edntegra do texto aprovado<\/a><\/p>\n<p><strong>Pr\u00f3ximas etapas<\/strong><br \/>\nO projeto ser\u00e1 ainda analisado, em <span class=\"termoGlossario\">car\u00e1ter conclusivo<\/span>, pela Comiss\u00e3o de Constitui\u00e7\u00e3o e Justi\u00e7a e de Cidadania.<\/p>\n<p>Para virar lei, a medida precisa ser aprovada pelos deputados e pelos senadores.<\/p>\n<p><a href=\"https:\/\/www.camara.leg.br\/noticias\/573454-SAIBA-MAIS-SOBRE-A-TRAMITACAO-DE-PROJETOS-DE-LEI\">Saiba mais sobre a tramita\u00e7\u00e3o de projetos de lei<\/a><\/p>","protected":false},"excerpt":{"rendered":"<p>Renato Ara\u00fajo\/C\u00e2mara dos Deputados Hugo Leal incluiu ve\u00edculos h\u00edbridos entre os que podem ser dirigidos com carteira tipo B A Comiss\u00e3o de Via\u00e7\u00e3o e Transportes da C\u00e2mara dos Deputados aprovou projeto de lei que autoriza motoristas com carteira de habilita\u00e7\u00e3o na categoria B a dirigirem ve\u00edculos el\u00e9tricos de at\u00e9 4.250 kg. Hoje, o C\u00f3digo de [&hellip;]<\/p>\n","protected":false},"author":0,"featured_media":0,"comment_status":"open","ping_status":"open","sticky":false,"template":"","format":"standard","meta":{"footnotes":""},"categories":[1],"tags":[],"_links":{"self":[{"href":"https:\/\/jeffersonisac.adv.br\/index.php\/wp-json\/wp\/v2\/posts\/15762"}],"collection":[{"href":"https:\/\/jeffersonisac.adv.br\/index.php\/wp-json\/wp\/v2\/posts"}],"about":[{"href":"https:\/\/jeffersonisac.adv.br\/index.php\/wp-json\/wp\/v2\/types\/post"}],"replies":[{"embeddable":true,"href":"https:\/\/jeffersonisac.adv.br\/index.php\/wp-json\/wp\/v2\/comments?post=15762"}],"version-history":[{"count":0,"href":"https:\/\/jeffersonisac.adv.br\/index.php\/wp-json\/wp\/v2\/posts\/15762\/revisions"}],"wp:attachment":[{"href":"https:\/\/jeffersonisac.adv.br\/index.php\/wp-json\/wp\/v2\/media?parent=15762"}],"wp:term":[{"taxonomy":"category","embeddable":true,"href":"https:\/\/jeffersonisac.adv.br\/index.php\/wp-json\/wp\/v2\/categories?post=15762"},{"taxonomy":"post_tag","embeddable":true,"href":"https:\/\/jeffersonisac.adv.br\/index.php\/wp-json\/wp\/v2\/tags?post=15762"}],"curies":[{"name":"wp","href":"https:\/\/api.w.org\/{rel}","templated":true}]}}