{"id":15763,"date":"2026-03-20T11:24:28","date_gmt":"2026-03-20T14:24:28","guid":{"rendered":"https:\/\/jeffersonisac.adv.br\/index.php\/2026\/03\/20\/comissao-aprova-projeto-para-ampliar-prioridade-no-atendimento-de-saude-a-pessoa-com-deficiencia\/"},"modified":"2026-03-20T11:24:28","modified_gmt":"2026-03-20T14:24:28","slug":"comissao-aprova-projeto-para-ampliar-prioridade-no-atendimento-de-saude-a-pessoa-com-deficiencia","status":"publish","type":"post","link":"https:\/\/jeffersonisac.adv.br\/index.php\/2026\/03\/20\/comissao-aprova-projeto-para-ampliar-prioridade-no-atendimento-de-saude-a-pessoa-com-deficiencia\/","title":{"rendered":"Comiss\u00e3o aprova projeto para ampliar prioridade no atendimento de sa\u00fade \u00e0 pessoa com defici\u00eancia"},"content":{"rendered":"<div class=\"image-container\">\n<div class=\"midia-creditos\"><em>Renato Ara\u00fajo \/ C\u00e2mara dos Deputados<\/em><\/div>\n<div class=\"media-wrapper\"><\/div>\n<div class=\"midia-legenda\">Geraldo Resende \u00e9 o relator da proposta<\/div>\n<\/div>\n<p>A Comiss\u00e3o de Sa\u00fade da C\u00e2mara dos Deputados aprovou projeto de lei que inclui as vulnerabilidades da pessoa com defici\u00eancia como crit\u00e9rio adicional para defini\u00e7\u00e3o de prioridade no atendimento em servi\u00e7os de sa\u00fade. A identifica\u00e7\u00e3o das vulnerabilidades ser\u00e1 feita a partir da avalia\u00e7\u00e3o biopsicossocial do paciente com defici\u00eancia, levando em considera\u00e7\u00e3o fatores biol\u00f3gicos, psicol\u00f3gicos e sociais.<\/p>\n<p>A medida \u00e9 inserida no <a href=\"https:\/\/www2.camara.leg.br\/legin\/fed\/lei\/2015\/lei-13146-6-julho-2015-781174-norma-pl.html\">Estatuto da Pessoa com Defici\u00eancia<\/a>, que j\u00e1 garante aten\u00e7\u00e3o integral \u00e0 sa\u00fade da pessoa com defici\u00eancia no Sistema \u00danico de Sa\u00fade (SUS).<\/p>\n<p>O relator na Comiss\u00e3o de Sa\u00fade, deputado Geraldo Resende (PSDB-MS), recomendou a aprova\u00e7\u00e3o de vers\u00e3o modificada (<span class=\"termoGlossario\">substitutivo<\/span>) do\u00a0\u00a0<a class=\"linkProposicao\" href=\"https:\/\/www.camara.leg.br\/noticias\/1032877-projeto-garante-atendimento-a-pessoa-com-deficiencia-no-sus-sem-marcacao-de-consulta\">Projeto de Lei 2417\/23<\/a>, do deputado Duarte Jr. (PSB-MA).<\/p>\n<p><a href=\"https:\/\/www.camara.leg.br\/proposicoesWeb\/prop_mostrarintegra?codteor=2945010&amp;filename=Parecer-CSAUDE-2025-07-01\">Veja o texto aprovado<\/a><\/p>\n<p>O texto original assegurava o atendimento de pessoas com defici\u00eancia na rede p\u00fablica de sa\u00fade, independentemente de senha, agendamento pr\u00e9vio ou limite di\u00e1rio de atendimentos.<\/p>\n<p>Para Geraldo Rezende, o caminho mais eficaz para facilitar o acesso de pessoas com defici\u00eancia aos servi\u00e7os de sa\u00fade n\u00e3o \u00e9 intervir na complexa engenharia de agendamentos com uma regra espec\u00edfica, mas qualificar o processo de prioriza\u00e7\u00e3o dentro dos mecanismos que j\u00e1 estruturam o SUS.<\/p>\n<p>&#8220;Desta forma, a pessoa com defici\u00eancia ter\u00e1 sua prioridade reconhecida na fila de espera para cada procedimento e no momento do atendimento de urg\u00eancia, de modo harmonioso com os crit\u00e9rios cl\u00ednicos e a organiza\u00e7\u00e3o do sistema&#8221;, disse.<\/p>\n<p><strong>Pr\u00f3ximos passos<\/strong><br \/>\nA proposta ainda ser\u00e1 analisada, que tramita em <span class=\"termoGlossario\">regime de urg\u00eancia<\/span> e em <span class=\"termoGlossario\">car\u00e1ter conclusivo<\/span>, pela Comiss\u00e3o de Constitui\u00e7\u00e3o e Justi\u00e7a e de Cidadania. Para virar lei, precisa ser aprovada por C\u00e2mara e Senado.<\/p>\n<p><a href=\"https:\/\/www.camara.leg.br\/noticias\/573454-SAIBA-MAIS-SOBRE-A-TRAMITACAO-DE-PROJETOS-DE-LEI\">Saiba mais sobre a tramita\u00e7\u00e3o de projetos de lei<\/a><\/p>","protected":false},"excerpt":{"rendered":"<p>Renato Ara\u00fajo \/ C\u00e2mara dos Deputados Geraldo Resende \u00e9 o relator da proposta A Comiss\u00e3o de Sa\u00fade da C\u00e2mara dos Deputados aprovou projeto de lei que inclui as vulnerabilidades da pessoa com defici\u00eancia como crit\u00e9rio adicional para defini\u00e7\u00e3o de prioridade no atendimento em servi\u00e7os de sa\u00fade. A identifica\u00e7\u00e3o das vulnerabilidades ser\u00e1 feita a partir da [&hellip;]<\/p>\n","protected":false},"author":0,"featured_media":0,"comment_status":"open","ping_status":"open","sticky":false,"template":"","format":"standard","meta":{"footnotes":""},"categories":[1],"tags":[],"_links":{"self":[{"href":"https:\/\/jeffersonisac.adv.br\/index.php\/wp-json\/wp\/v2\/posts\/15763"}],"collection":[{"href":"https:\/\/jeffersonisac.adv.br\/index.php\/wp-json\/wp\/v2\/posts"}],"about":[{"href":"https:\/\/jeffersonisac.adv.br\/index.php\/wp-json\/wp\/v2\/types\/post"}],"replies":[{"embeddable":true,"href":"https:\/\/jeffersonisac.adv.br\/index.php\/wp-json\/wp\/v2\/comments?post=15763"}],"version-history":[{"count":0,"href":"https:\/\/jeffersonisac.adv.br\/index.php\/wp-json\/wp\/v2\/posts\/15763\/revisions"}],"wp:attachment":[{"href":"https:\/\/jeffersonisac.adv.br\/index.php\/wp-json\/wp\/v2\/media?parent=15763"}],"wp:term":[{"taxonomy":"category","embeddable":true,"href":"https:\/\/jeffersonisac.adv.br\/index.php\/wp-json\/wp\/v2\/categories?post=15763"},{"taxonomy":"post_tag","embeddable":true,"href":"https:\/\/jeffersonisac.adv.br\/index.php\/wp-json\/wp\/v2\/tags?post=15763"}],"curies":[{"name":"wp","href":"https:\/\/api.w.org\/{rel}","templated":true}]}}