{"id":15764,"date":"2026-03-20T11:24:28","date_gmt":"2026-03-20T14:24:28","guid":{"rendered":"https:\/\/jeffersonisac.adv.br\/index.php\/2026\/03\/20\/medida-provisoria-abre-credito-de-r-10-bilhoes-para-reduzir-preco-do-diesel\/"},"modified":"2026-03-20T11:24:28","modified_gmt":"2026-03-20T14:24:28","slug":"medida-provisoria-abre-credito-de-r-10-bilhoes-para-reduzir-preco-do-diesel","status":"publish","type":"post","link":"https:\/\/jeffersonisac.adv.br\/index.php\/2026\/03\/20\/medida-provisoria-abre-credito-de-r-10-bilhoes-para-reduzir-preco-do-diesel\/","title":{"rendered":"Medida provis\u00f3ria abre cr\u00e9dito de R$ 10 bilh\u00f5es para reduzir pre\u00e7o do diesel"},"content":{"rendered":"<div class=\"image-container\">\n<div class=\"midia-creditos\"><em>Depositphotos<\/em><\/div>\n<div class=\"media-wrapper\"><\/div>\n<div class=\"midia-legenda\">Governo est\u00e1 preocupado com a volatilidade dos pre\u00e7os do petr\u00f3leo causada pela guerra<\/div>\n<\/div>\n<p>A Medida Provis\u00f3ria 1344\/26 abre <span class=\"termoGlossario\">cr\u00e9dito extraordin\u00e1rio<\/span> no Or\u00e7amento de 2026 no valor de R$ 10 bilh\u00f5es para subsidiar parte do pre\u00e7o do diesel, impactado pela guerra no Oriente M\u00e9dio.<\/p>\n<p>Os recursos v\u00e3o viabilizar subven\u00e7\u00e3o econ\u00f4mica \u00e0 comercializa\u00e7\u00e3o de \u00f3leo diesel de uso rodovi\u00e1rio at\u00e9 31 de dezembro de 2026.<\/p>\n<p>O governo est\u00e1 preocupado com a forte volatilidade dos pre\u00e7os do petr\u00f3leo causada pela guerra envolvendo Estados Unidos, Israel e Ir\u00e3 e pelas tens\u00f5es no entorno do Estreito de Ormuz, corredor mar\u00edtimo estrat\u00e9gico por onde passa cerca de um quinto do petr\u00f3leo do mundo.<\/p>\n<p>\u201cA aus\u00eancia de medidas mitigat\u00f3rias c\u00e9leres tem o potencial de gerar um efeito cascata inflacion\u00e1rio, desabastecimento e grave comprometimento da atividade econ\u00f4mica nacional\u201d, justifica o Executivo.<\/p>\n<p>Na semana passada, o governo federal editou outra medida provis\u00f3ria que\u00a0busca estabilizar os pre\u00e7os dos combust\u00edveis no pa\u00eds com subven\u00e7\u00e3o \u00e0 produ\u00e7\u00e3o ou importa\u00e7\u00e3o de diesel\u00a0(<a class=\"linkProposicao\" href=\"https:\/\/www.camara.leg.br\/noticias\/1253765-mp-1340-26-guerra-no-ira-mp-reduz-preco-do-diesel-para-enfrentar-alta-do-petroleo\">MP 1340\/26<\/a>).<\/p>\n<p><strong>Pr\u00f3ximos passos<\/strong><br \/>\nA medida provis\u00f3ria ser\u00e1 analisada pela <span class=\"termoGlossario\">Comiss\u00e3o Mista de Or\u00e7amento<\/span> e, em seguida, pelos plen\u00e1rios da C\u00e2mara e do Senado at\u00e9 o dia 17 de maio.<\/p>\n<p><a href=\"https:\/\/www.camara.leg.br\/noticias\/573452-saiba-mais-sobre-a-tramitacao-de-mps\/\">Saiba mais sobre a tramita\u00e7\u00e3o de medidas provis\u00f3rias<\/a><\/p>","protected":false},"excerpt":{"rendered":"<p>Depositphotos Governo est\u00e1 preocupado com a volatilidade dos pre\u00e7os do petr\u00f3leo causada pela guerra A Medida Provis\u00f3ria 1344\/26 abre cr\u00e9dito extraordin\u00e1rio no Or\u00e7amento de 2026 no valor de R$ 10 bilh\u00f5es para subsidiar parte do pre\u00e7o do diesel, impactado pela guerra no Oriente M\u00e9dio. Os recursos v\u00e3o viabilizar subven\u00e7\u00e3o econ\u00f4mica \u00e0 comercializa\u00e7\u00e3o de \u00f3leo diesel [&hellip;]<\/p>\n","protected":false},"author":0,"featured_media":0,"comment_status":"open","ping_status":"open","sticky":false,"template":"","format":"standard","meta":{"footnotes":""},"categories":[1],"tags":[],"_links":{"self":[{"href":"https:\/\/jeffersonisac.adv.br\/index.php\/wp-json\/wp\/v2\/posts\/15764"}],"collection":[{"href":"https:\/\/jeffersonisac.adv.br\/index.php\/wp-json\/wp\/v2\/posts"}],"about":[{"href":"https:\/\/jeffersonisac.adv.br\/index.php\/wp-json\/wp\/v2\/types\/post"}],"replies":[{"embeddable":true,"href":"https:\/\/jeffersonisac.adv.br\/index.php\/wp-json\/wp\/v2\/comments?post=15764"}],"version-history":[{"count":0,"href":"https:\/\/jeffersonisac.adv.br\/index.php\/wp-json\/wp\/v2\/posts\/15764\/revisions"}],"wp:attachment":[{"href":"https:\/\/jeffersonisac.adv.br\/index.php\/wp-json\/wp\/v2\/media?parent=15764"}],"wp:term":[{"taxonomy":"category","embeddable":true,"href":"https:\/\/jeffersonisac.adv.br\/index.php\/wp-json\/wp\/v2\/categories?post=15764"},{"taxonomy":"post_tag","embeddable":true,"href":"https:\/\/jeffersonisac.adv.br\/index.php\/wp-json\/wp\/v2\/tags?post=15764"}],"curies":[{"name":"wp","href":"https:\/\/api.w.org\/{rel}","templated":true}]}}