{"id":15765,"date":"2026-03-20T11:24:28","date_gmt":"2026-03-20T14:24:28","guid":{"rendered":"https:\/\/jeffersonisac.adv.br\/index.php\/2026\/03\/20\/comissao-debate-financiamento-para-energia-renovavel-diante-de-cortes-de-geracao\/"},"modified":"2026-03-20T11:24:28","modified_gmt":"2026-03-20T14:24:28","slug":"comissao-debate-financiamento-para-energia-renovavel-diante-de-cortes-de-geracao","status":"publish","type":"post","link":"https:\/\/jeffersonisac.adv.br\/index.php\/2026\/03\/20\/comissao-debate-financiamento-para-energia-renovavel-diante-de-cortes-de-geracao\/","title":{"rendered":"Comiss\u00e3o debate financiamento para energia renov\u00e1vel diante de cortes de gera\u00e7\u00e3o"},"content":{"rendered":"<div class=\"image-container\">\n<div class=\"midia-creditos\"><em>Kayo Magalh\u00e3es \/ C\u00e2mara dos Deputados<\/em><\/div>\n<div class=\"media-wrapper\"><\/div>\n<div class=\"midia-legenda\">Deputado Paulo Guedes prop\u00f4s a realiza\u00e7\u00e3o do debate<\/div>\n<\/div>\n<p>A Comiss\u00e3o de Minas e Energia da C\u00e2mara dos Deputados discute na ter\u00e7a-feira (24) alternativas de financiamento para o setor de energia renov\u00e1vel diante da ocorr\u00eancia de cortes de gera\u00e7\u00e3o, conhecidos como <em>curtailment<\/em>.<\/p>\n<p>A audi\u00eancia p\u00fablica ser\u00e1 realizada no plen\u00e1rio 14, \u00e0s 16 horas.<\/p>\n<p><a href=\"https:\/\/www.camara.leg.br\/evento-legislativo\/81173\">Veja quem foi convidado<\/a><\/p>\n<p>O debate atende a pedido do deputado Paulo Guedes (PT-MG). Ele afirma que o objetivo \u00e9 discutir solu\u00e7\u00f5es para o <em>curtailment<\/em>, fen\u00f4meno que ocorre quando usinas e\u00f3licas e solares est\u00e3o aptas a gerar energia, mas s\u00e3o impedidas de injet\u00e1-la no sistema por raz\u00f5es externas \u00e0 sua opera\u00e7\u00e3o.<\/p>\n<p>Paulo Guedes acrescenta que a ocorr\u00eancia crescente desses cortes representa um risco para a seguran\u00e7a energ\u00e9tica e para a expans\u00e3o das fontes renov\u00e1veis no pa\u00eds, al\u00e9m de gerar perdas econ\u00f4micas relevantes.<\/p>\n<p>\u201cEsse fen\u00f4meno [<em>curtailment<\/em>] compromete a sustentabilidade ambiental e a efici\u00eancia do sistema, representando um obst\u00e1culo real \u00e0 transi\u00e7\u00e3o energ\u00e9tica e retardando o avan\u00e7o da matriz renov\u00e1vel\u201d, diz.<\/p>","protected":false},"excerpt":{"rendered":"<p>Kayo Magalh\u00e3es \/ C\u00e2mara dos Deputados Deputado Paulo Guedes prop\u00f4s a realiza\u00e7\u00e3o do debate A Comiss\u00e3o de Minas e Energia da C\u00e2mara dos Deputados discute na ter\u00e7a-feira (24) alternativas de financiamento para o setor de energia renov\u00e1vel diante da ocorr\u00eancia de cortes de gera\u00e7\u00e3o, conhecidos como curtailment. A audi\u00eancia p\u00fablica ser\u00e1 realizada no plen\u00e1rio 14, [&hellip;]<\/p>\n","protected":false},"author":0,"featured_media":0,"comment_status":"open","ping_status":"open","sticky":false,"template":"","format":"standard","meta":{"footnotes":""},"categories":[1],"tags":[],"_links":{"self":[{"href":"https:\/\/jeffersonisac.adv.br\/index.php\/wp-json\/wp\/v2\/posts\/15765"}],"collection":[{"href":"https:\/\/jeffersonisac.adv.br\/index.php\/wp-json\/wp\/v2\/posts"}],"about":[{"href":"https:\/\/jeffersonisac.adv.br\/index.php\/wp-json\/wp\/v2\/types\/post"}],"replies":[{"embeddable":true,"href":"https:\/\/jeffersonisac.adv.br\/index.php\/wp-json\/wp\/v2\/comments?post=15765"}],"version-history":[{"count":0,"href":"https:\/\/jeffersonisac.adv.br\/index.php\/wp-json\/wp\/v2\/posts\/15765\/revisions"}],"wp:attachment":[{"href":"https:\/\/jeffersonisac.adv.br\/index.php\/wp-json\/wp\/v2\/media?parent=15765"}],"wp:term":[{"taxonomy":"category","embeddable":true,"href":"https:\/\/jeffersonisac.adv.br\/index.php\/wp-json\/wp\/v2\/categories?post=15765"},{"taxonomy":"post_tag","embeddable":true,"href":"https:\/\/jeffersonisac.adv.br\/index.php\/wp-json\/wp\/v2\/tags?post=15765"}],"curies":[{"name":"wp","href":"https:\/\/api.w.org\/{rel}","templated":true}]}}