{"id":15767,"date":"2026-03-20T11:24:28","date_gmt":"2026-03-20T14:24:28","guid":{"rendered":"https:\/\/jeffersonisac.adv.br\/index.php\/2026\/03\/20\/agenda-legislativa-da-industria-sera-lancada-na-terca-no-congresso\/"},"modified":"2026-03-20T11:24:28","modified_gmt":"2026-03-20T14:24:28","slug":"agenda-legislativa-da-industria-sera-lancada-na-terca-no-congresso","status":"publish","type":"post","link":"https:\/\/jeffersonisac.adv.br\/index.php\/2026\/03\/20\/agenda-legislativa-da-industria-sera-lancada-na-terca-no-congresso\/","title":{"rendered":"Agenda Legislativa da Ind\u00fastria ser\u00e1 lan\u00e7ada na ter\u00e7a no Congresso"},"content":{"rendered":"<div class=\"image-container\">\n<div class=\"midia-creditos\"><em>Ant\u00f4nio Cruz\/Ag\u00eancia Brasil<\/em><\/div>\n<div class=\"media-wrapper\"><\/div>\n<div class=\"midia-legenda\">A Agenda Legislativa funciona como um guia de prioridades da ind\u00fastria no Congresso<\/div>\n<\/div>\n<p>O Congresso Nacional se re\u00fane em sess\u00e3o solene na pr\u00f3xima ter\u00e7a-feira (24) para o lan\u00e7amento da Agenda Legislativa da Ind\u00fastria 2026. O evento come\u00e7a \u00e0s 9 horas, no Plen\u00e1rio da C\u00e2mara dos Deputados.<\/p>\n<p>A Agenda Legislativa re\u00fane propostas que impactam o ambiente de neg\u00f3cios, a competitividade e o desenvolvimento econ\u00f4mico e social do pa\u00eds.<\/p>\n<p>A publica\u00e7\u00e3o \u00e9 elaborada pela Confedera\u00e7\u00e3o Nacional da Ind\u00fastria (CNI), em parceria com as federa\u00e7\u00f5es estaduais de ind\u00fastrias, associa\u00e7\u00f5es setoriais e sindicatos nacionais.<\/p>\n<p>A sess\u00e3o solene foi proposta pelos deputados Sergio Souza (MDB-PR), Luiz Gast\u00e3o (PSD-CE), Soraya Santos (PL-RJ), Luisa Canziani (PSD-PR), e pelo senador La\u00e9rcio Oliveira (PP-SE).<\/p>","protected":false},"excerpt":{"rendered":"<p>Ant\u00f4nio Cruz\/Ag\u00eancia Brasil A Agenda Legislativa funciona como um guia de prioridades da ind\u00fastria no Congresso O Congresso Nacional se re\u00fane em sess\u00e3o solene na pr\u00f3xima ter\u00e7a-feira (24) para o lan\u00e7amento da Agenda Legislativa da Ind\u00fastria 2026. O evento come\u00e7a \u00e0s 9 horas, no Plen\u00e1rio da C\u00e2mara dos Deputados. A Agenda Legislativa re\u00fane propostas que [&hellip;]<\/p>\n","protected":false},"author":0,"featured_media":0,"comment_status":"open","ping_status":"open","sticky":false,"template":"","format":"standard","meta":{"footnotes":""},"categories":[1],"tags":[],"_links":{"self":[{"href":"https:\/\/jeffersonisac.adv.br\/index.php\/wp-json\/wp\/v2\/posts\/15767"}],"collection":[{"href":"https:\/\/jeffersonisac.adv.br\/index.php\/wp-json\/wp\/v2\/posts"}],"about":[{"href":"https:\/\/jeffersonisac.adv.br\/index.php\/wp-json\/wp\/v2\/types\/post"}],"replies":[{"embeddable":true,"href":"https:\/\/jeffersonisac.adv.br\/index.php\/wp-json\/wp\/v2\/comments?post=15767"}],"version-history":[{"count":0,"href":"https:\/\/jeffersonisac.adv.br\/index.php\/wp-json\/wp\/v2\/posts\/15767\/revisions"}],"wp:attachment":[{"href":"https:\/\/jeffersonisac.adv.br\/index.php\/wp-json\/wp\/v2\/media?parent=15767"}],"wp:term":[{"taxonomy":"category","embeddable":true,"href":"https:\/\/jeffersonisac.adv.br\/index.php\/wp-json\/wp\/v2\/categories?post=15767"},{"taxonomy":"post_tag","embeddable":true,"href":"https:\/\/jeffersonisac.adv.br\/index.php\/wp-json\/wp\/v2\/tags?post=15767"}],"curies":[{"name":"wp","href":"https:\/\/api.w.org\/{rel}","templated":true}]}}