{"id":15768,"date":"2026-03-20T13:24:23","date_gmt":"2026-03-20T16:24:23","guid":{"rendered":"https:\/\/jeffersonisac.adv.br\/index.php\/2026\/03\/20\/comissao-aprova-readaptacao-de-policiais-e-bombeiros-com-deficiencia-em-funcoes-administrativas\/"},"modified":"2026-03-20T13:24:23","modified_gmt":"2026-03-20T16:24:23","slug":"comissao-aprova-readaptacao-de-policiais-e-bombeiros-com-deficiencia-em-funcoes-administrativas","status":"publish","type":"post","link":"https:\/\/jeffersonisac.adv.br\/index.php\/2026\/03\/20\/comissao-aprova-readaptacao-de-policiais-e-bombeiros-com-deficiencia-em-funcoes-administrativas\/","title":{"rendered":"Comiss\u00e3o aprova readapta\u00e7\u00e3o de policiais e bombeiros com defici\u00eancia em fun\u00e7\u00f5es administrativas"},"content":{"rendered":"<div class=\"image-container\">\n<div class=\"midia-creditos\"><em>Kayo Magalh\u00e3es\/C\u00e2mara dos Deputados<\/em><\/div>\n<div class=\"media-wrapper\"><\/div>\n<div class=\"midia-legenda\">Delegada Ione: continuar a servir refor\u00e7a v\u00ednculos institucionais e evita o isolamento social<\/div>\n<\/div>\n<p class=\"mb-2 whitespace-pre-wrap\">A Comiss\u00e3o de Administra\u00e7\u00e3o e Servi\u00e7o P\u00fablico da C\u00e2mara dos Deputados aprovou projeto de lei que permite a readapta\u00e7\u00e3o de policiais militares e bombeiros que sofreram limita\u00e7\u00f5es f\u00edsicas ou mentais. A medida autoriza que esses profissionais continuem na ativa, exercendo fun\u00e7\u00f5es administrativas ou de suporte, mantendo o sal\u00e1rio e o posto.<\/p>\n<p class=\"mb-2 whitespace-pre-wrap\">O colegiado aprovou o <span class=\"termoGlossario\">substitutivo<\/span> da relatora, deputada Delegada Ione (Avante-MG), ao <a class=\"linkProposicao\" href=\"https:\/\/www.camara.leg.br\/noticias\/633035-projeto-preve-reaproveitamento-de-pms-e-bombeiros-inativos\">Projeto de Lei 6135\/19<\/a>, da deputada Soraya Santos (PL-RJ).<\/p>\n<p class=\"mb-2 whitespace-pre-wrap\">A reda\u00e7\u00e3o original previa alterar o <a class=\"linkLegislacao\" href=\"https:\/\/www2.camara.gov.br\/legin\/fed\/declei\/1960-1969\/decreto-lei-667-2-julho-1969-374170-norma-pe.html\">Decreto-Lei 667\/69<\/a> para permitir o &#8220;aproveitamento&#8221; de militares inativados. J\u00e1 o texto aprovado atualiza a nova <a href=\"https:\/\/www2.camara.leg.br\/legin\/fed\/lei\/2023\/lei-14751-12-dezembro-2023-795052-norma-pl.html\">Lei Org\u00e2nica Nacional das Pol\u00edcias Militares e dos Corpos de Bombeiros Militares<\/a> para instituir tecnicamente a &#8220;readapta\u00e7\u00e3o&#8221;, alinhando as regras militares \u00e0s normas constitucionais j\u00e1 aplicadas aos servidores civis.<\/p>\n<p><strong>Como \u00e9 hoje<br \/>\n<\/strong>Atualmente, a regra geral nas corpora\u00e7\u00f5es militares estaduais determina que o profissional que sofre uma les\u00e3o permanente ou adquire uma defici\u00eancia que o impe\u00e7a de exercer a atividade-fim (policiamento ostensivo ou combate a inc\u00eandios) seja reformado (aposentado) por invalidez.<\/p>\n<p class=\"mb-2 whitespace-pre-wrap\"><strong>Continuidade no servi\u00e7o<br \/>\n<\/strong>Pelo novo texto, o militar que tiver sua capacidade f\u00edsica ou mental reduzida, atestada por junta de sa\u00fade, poder\u00e1 ser realocado para fun\u00e7\u00f5es compat\u00edveis com sua condi\u00e7\u00e3o. A decis\u00e3o deve considerar a exist\u00eancia de vagas na estrutura da corpora\u00e7\u00e3o.<\/p>\n<p class=\"mb-2 whitespace-pre-wrap\">O texto estabelece os seguintes crit\u00e9rios:<\/p>\n<p>manuten\u00e7\u00e3o do posto ou gradua\u00e7\u00e3o e da remunera\u00e7\u00e3o integral;<br \/>\ncompatibilidade da nova fun\u00e7\u00e3o com a limita\u00e7\u00e3o sofrida;<br \/>\ncumprimento dos requisitos de habilita\u00e7\u00e3o e escolaridade para o novo cargo.<\/p>\n<p class=\"mb-2 whitespace-pre-wrap\">&#8220;O militar deixa de ser visto apenas pela limita\u00e7\u00e3o adquirida e passa a ser reconhecido por sua experi\u00eancia. Continuar a servir refor\u00e7a v\u00ednculos institucionais, fortalece a autoestima e evita o isolamento social&#8221;, explicou a relatora.<\/p>\n<p class=\"mb-2 whitespace-pre-wrap\"><strong>Retorno de aposentados<br \/>\n<\/strong>O projeto permite que policiais e bombeiros que j\u00e1 foram reformados (aposentados) por incapacidade definitiva possam requerer o retorno \u00e0 ativa para fins de readapta\u00e7\u00e3o. Esse pedido deve ser feito no prazo de at\u00e9 5 anos ap\u00f3s a publica\u00e7\u00e3o da lei.<\/p>\n<p><strong>Pr\u00f3ximos passos<br \/>\n<\/strong>A proposta, que tramita em <span class=\"termoGlossario\">car\u00e1ter conclusivo<\/span>, ser\u00e1 analisada pelas comiss\u00f5es de Finan\u00e7as e Tributa\u00e7\u00e3o; e de Constitui\u00e7\u00e3o e Justi\u00e7a e de Cidadania (CCJ).<\/p>\n<p>Para virar lei, o texto precisa ser aprovado pela C\u00e2mara e pelo Senado.<\/p>\n<p><a href=\"https:\/\/www.camara.leg.br\/noticias\/573454-SAIBA-MAIS-SOBRE-A-TRAMITACAO-DE-PROJETOS-DE-LEI\">Saiba mais sobre a tramita\u00e7\u00e3o de projetos de lei<\/a><\/p>","protected":false},"excerpt":{"rendered":"<p>Kayo Magalh\u00e3es\/C\u00e2mara dos Deputados Delegada Ione: continuar a servir refor\u00e7a v\u00ednculos institucionais e evita o isolamento social A Comiss\u00e3o de Administra\u00e7\u00e3o e Servi\u00e7o P\u00fablico da C\u00e2mara dos Deputados aprovou projeto de lei que permite a readapta\u00e7\u00e3o de policiais militares e bombeiros que sofreram limita\u00e7\u00f5es f\u00edsicas ou mentais. A medida autoriza que esses profissionais continuem na [&hellip;]<\/p>\n","protected":false},"author":0,"featured_media":0,"comment_status":"open","ping_status":"open","sticky":false,"template":"","format":"standard","meta":{"footnotes":""},"categories":[1],"tags":[],"_links":{"self":[{"href":"https:\/\/jeffersonisac.adv.br\/index.php\/wp-json\/wp\/v2\/posts\/15768"}],"collection":[{"href":"https:\/\/jeffersonisac.adv.br\/index.php\/wp-json\/wp\/v2\/posts"}],"about":[{"href":"https:\/\/jeffersonisac.adv.br\/index.php\/wp-json\/wp\/v2\/types\/post"}],"replies":[{"embeddable":true,"href":"https:\/\/jeffersonisac.adv.br\/index.php\/wp-json\/wp\/v2\/comments?post=15768"}],"version-history":[{"count":0,"href":"https:\/\/jeffersonisac.adv.br\/index.php\/wp-json\/wp\/v2\/posts\/15768\/revisions"}],"wp:attachment":[{"href":"https:\/\/jeffersonisac.adv.br\/index.php\/wp-json\/wp\/v2\/media?parent=15768"}],"wp:term":[{"taxonomy":"category","embeddable":true,"href":"https:\/\/jeffersonisac.adv.br\/index.php\/wp-json\/wp\/v2\/categories?post=15768"},{"taxonomy":"post_tag","embeddable":true,"href":"https:\/\/jeffersonisac.adv.br\/index.php\/wp-json\/wp\/v2\/tags?post=15768"}],"curies":[{"name":"wp","href":"https:\/\/api.w.org\/{rel}","templated":true}]}}