{"id":15769,"date":"2026-03-20T13:24:23","date_gmt":"2026-03-20T16:24:23","guid":{"rendered":"https:\/\/jeffersonisac.adv.br\/index.php\/2026\/03\/20\/nova-lei-reduz-aliquotas-de-tributos-para-a-industria-quimica\/"},"modified":"2026-03-20T13:24:23","modified_gmt":"2026-03-20T16:24:23","slug":"nova-lei-reduz-aliquotas-de-tributos-para-a-industria-quimica","status":"publish","type":"post","link":"https:\/\/jeffersonisac.adv.br\/index.php\/2026\/03\/20\/nova-lei-reduz-aliquotas-de-tributos-para-a-industria-quimica\/","title":{"rendered":"Nova lei reduz al\u00edquotas de tributos para a ind\u00fastria qu\u00edmica"},"content":{"rendered":"<div class=\"image-container\">\n<div class=\"midia-creditos\"><em>Unlisted \/Stock Photo <\/em><\/div>\n<div class=\"media-wrapper\"><\/div>\n<div class=\"midia-legenda\">Norma diminui as al\u00edquotas de PIS e Cofins entre mar\u00e7o e dezembro de 2026<\/div>\n<\/div>\n<p>O presidente Luiz In\u00e1cio Lula da Silva sancionou sem vetos a <a class=\"linkLegislacao\" href=\"https:\/\/www2.camara.gov.br\/legin\/fed\/leicom\/2026\/leicomplementar-228-19-marco-2026-798824-norma-pl.html\">Lei Complementar 228\/26<\/a>, que reduz tributos para empresas das ind\u00fastrias qu\u00edmica e petroqu\u00edmica que participam de um regime fiscal especial.<\/p>\n<p>A norma vale como uma regra de transi\u00e7\u00e3o at\u00e9 a entrada em vigor do novo modelo tribut\u00e1rio, prevista para 2027.<\/p>\n<p>Publicada no Di\u00e1rio Oficial da Uni\u00e3o desta sexta-feira (20), a lei diminui as al\u00edquotas de <span class=\"termoGlossario\">PIS<\/span> e <span class=\"termoGlossario\">Cofins<\/span> entre mar\u00e7o e dezembro de 2026.<\/p>\n<p>O texto tem origem no Projeto de Lei Complementar (PLP) 14\/26, do deputado Carlos Zarattini (PT-SP), <a href=\"https:\/\/www.camara.leg.br\/noticias\/1244529-camara-aprova-reducao-de-aliquotas-tributarias-para-industria-quimica\/\">aprovado, com mudan\u00e7as, pela C\u00e2mara dos Deputados<\/a> e pelo Senado Federal.<\/p>\n<p>Na C\u00e2mara, a proposta teve a relatoria do deputado Afonso Motta (PDT-RS).<\/p>\n<p><strong>Corre\u00e7\u00e3o fiscal<\/strong><br \/>\nO projeto foi elaborado ap\u00f3s vetos presidenciais a pontos da <a class=\"linkLegislacao\" href=\"https:\/\/www2.camara.gov.br\/legin\/fed\/lei\/2025\/lei-15294-19-dezembro-2025-798506-norma-pl.html\">Lei 15.294\/25<\/a>, que criou o Programa Especial de Sustentabilidade da Ind\u00fastria Qu\u00edmica (Presiq). Na ocasi\u00e3o, o governo alegou que os benef\u00edcios fiscais n\u00e3o apresentavam estimativas claras de impacto nas contas p\u00fablicas.<\/p>\n<p>Agora, a nova lei corrige o problema ao estabelecer o limite de at\u00e9 R$ 2 bilh\u00f5es em ren\u00fancia fiscal para 2026. Al\u00e9m disso, prev\u00ea cerca de R$ 1,1 bilh\u00e3o em cr\u00e9ditos tribut\u00e1rios adicionais previstos na legisla\u00e7\u00e3o para as centrais petroqu\u00edmicas e ind\u00fastrias qu\u00edmicas participantes do Regime Especial da Ind\u00fastria Qu\u00edmica (Reiq) que apurarem os cr\u00e9ditos normais com os \u00edndices do projeto.<\/p>\n<p>Assim, n\u00e3o ser\u00e1 necess\u00e1rio indicar, por exemplo:<\/p>\n<p>estimativa de quantitativo de benefici\u00e1rios;<br \/>\nmetas de desempenho objetivas e quantific\u00e1veis em dimens\u00f5es econ\u00f4micas, sociais e ambientais;<br \/>\nimpacto previsto na redu\u00e7\u00e3o das desigualdades regionais, se for o caso; e<br \/>\nmecanismos de transpar\u00eancia e de monitoramento e avalia\u00e7\u00e3o de resultados das metas.<\/p>\n<p>Fica afastada ainda a proibi\u00e7\u00e3o na <span class=\"termoGlossario\">LDO<\/span> de amplia\u00e7\u00e3o de gasto tribut\u00e1rio em 2026.<\/p>\n<p>A <a class=\"linkLegislacao\" href=\"https:\/\/www2.camara.gov.br\/legin\/fed\/leicom\/2026\/leicomplementar-228-19-marco-2026-798824-norma-pl.html\">Lei Complementar 228\/26<\/a> tamb\u00e9m flexibiliza algumas exig\u00eancias recentes da legisla\u00e7\u00e3o fiscal, como a necessidade de detalhar metas, n\u00famero de benefici\u00e1rios e mecanismos de avalia\u00e7\u00e3o dos incentivos.<\/p>\n<p>Segundo o texto, os benef\u00edcios podem ser interrompidos antes do prazo caso o limite de gastos seja atingido. A medida tem car\u00e1ter tempor\u00e1rio e busca garantir previsibilidade ao setor at\u00e9 a substitui\u00e7\u00e3o definitiva de PIS e Cofins pela nova estrutura tribut\u00e1ria.<\/p>\n<p>Com a reforma tribut\u00e1ria, esses incentivos deixam de existir a partir de 2027.<\/p>","protected":false},"excerpt":{"rendered":"<p>Unlisted \/Stock Photo Norma diminui as al\u00edquotas de PIS e Cofins entre mar\u00e7o e dezembro de 2026 O presidente Luiz In\u00e1cio Lula da Silva sancionou sem vetos a Lei Complementar 228\/26, que reduz tributos para empresas das ind\u00fastrias qu\u00edmica e petroqu\u00edmica que participam de um regime fiscal especial. A norma vale como uma regra de [&hellip;]<\/p>\n","protected":false},"author":0,"featured_media":0,"comment_status":"open","ping_status":"open","sticky":false,"template":"","format":"standard","meta":{"footnotes":""},"categories":[1],"tags":[],"_links":{"self":[{"href":"https:\/\/jeffersonisac.adv.br\/index.php\/wp-json\/wp\/v2\/posts\/15769"}],"collection":[{"href":"https:\/\/jeffersonisac.adv.br\/index.php\/wp-json\/wp\/v2\/posts"}],"about":[{"href":"https:\/\/jeffersonisac.adv.br\/index.php\/wp-json\/wp\/v2\/types\/post"}],"replies":[{"embeddable":true,"href":"https:\/\/jeffersonisac.adv.br\/index.php\/wp-json\/wp\/v2\/comments?post=15769"}],"version-history":[{"count":0,"href":"https:\/\/jeffersonisac.adv.br\/index.php\/wp-json\/wp\/v2\/posts\/15769\/revisions"}],"wp:attachment":[{"href":"https:\/\/jeffersonisac.adv.br\/index.php\/wp-json\/wp\/v2\/media?parent=15769"}],"wp:term":[{"taxonomy":"category","embeddable":true,"href":"https:\/\/jeffersonisac.adv.br\/index.php\/wp-json\/wp\/v2\/categories?post=15769"},{"taxonomy":"post_tag","embeddable":true,"href":"https:\/\/jeffersonisac.adv.br\/index.php\/wp-json\/wp\/v2\/tags?post=15769"}],"curies":[{"name":"wp","href":"https:\/\/api.w.org\/{rel}","templated":true}]}}