{"id":15770,"date":"2026-03-20T13:24:23","date_gmt":"2026-03-20T16:24:23","guid":{"rendered":"https:\/\/jeffersonisac.adv.br\/index.php\/2026\/03\/20\/comissao-debate-primeiro-contrato-com-jovens-atletas-participe\/"},"modified":"2026-03-20T13:24:23","modified_gmt":"2026-03-20T16:24:23","slug":"comissao-debate-primeiro-contrato-com-jovens-atletas-participe","status":"publish","type":"post","link":"https:\/\/jeffersonisac.adv.br\/index.php\/2026\/03\/20\/comissao-debate-primeiro-contrato-com-jovens-atletas-participe\/","title":{"rendered":"Comiss\u00e3o debate primeiro contrato com jovens atletas; participe"},"content":{"rendered":"<div class=\"image-container\">\n<div class=\"midia-creditos\"><em>Kayo Magalh\u00e3es \/ C\u00e2mara dos Deputados<\/em><\/div>\n<div class=\"media-wrapper\"><\/div>\n<div class=\"midia-legenda\">Luiz Lima quer aprofundar o debate sobre o assunto<\/div>\n<\/div>\n<p>A Comiss\u00e3o do Esporte da C\u00e2mara dos Deputados realiza audi\u00eancia p\u00fablica na quarta-feira (25) para discutir o <a class=\"linkProposicao\" href=\"https:\/\/www.camara.leg.br\/noticias\/1054108-projeto-preve-indenizacao-para-organizacao-formadora-que-perde-jovem-atleta-para-outra-modalidade-esportiva\">Projeto de Lei 936\/24<\/a>, que refor\u00e7a a prefer\u00eancia dos clubes formadores no primeiro contrato com jovens atletas, mesmo nos casos em que estes se vinculam a organiza\u00e7\u00f5es esportivas de outra modalidade.<\/p>\n<p>O debate atende a pedido do deputado Luiz Lima (Novo-RJ) e est\u00e1 marcado para as 14 horas, no plen\u00e1rio 04.<\/p>\n<p><a href=\"https:\/\/www.camara.leg.br\/evento-legislativo\/81383\">A audi\u00eancia ser\u00e1 interativa; veja quem foi convidado e envie suas perguntas<\/a><\/p>\n<p>Segundo o deputado, a proposta incide diretamente sobre a estrutura de forma\u00e7\u00e3o esportiva no pa\u00eds, impactando clubes, entidades formadoras, atletas em in\u00edcio de carreira, fam\u00edlias e outros agentes do setor.<\/p>\n<p>Para ele, \u00e9 importante avaliar os poss\u00edveis efeitos da medida, especialmente no que se refere \u00e0 prote\u00e7\u00e3o dos jovens atletas, \u00e0 seguran\u00e7a jur\u00eddica das entidades formadoras e ao equil\u00edbrio nas rela\u00e7\u00f5es contratuais.<\/p>\n<p>&#8220;A discuss\u00e3o aprofundada contribuir\u00e1 para identificar eventuais ajustes necess\u00e1rios ao texto legal, prevenindo conflitos futuros e assegurando que a norma esteja alinhada aos princ\u00edpios da forma\u00e7\u00e3o esportiva respons\u00e1vel, do desenvolvimento humano e da valoriza\u00e7\u00e3o do investimento realizado pelas entidades formadoras&#8221;, diz Luiz Lima.<\/p>\n<p>&#8220;A constru\u00e7\u00e3o de pol\u00edticas p\u00fablicas no \u00e2mbito esportivo demanda di\u00e1logo amplo e plural, de modo a conciliar os interesses econ\u00f4micos do setor com a garantia dos direitos fundamentais dos atletas, especialmente daqueles em fase de forma\u00e7\u00e3o&#8221;, acrescenta.<\/p>","protected":false},"excerpt":{"rendered":"<p>Kayo Magalh\u00e3es \/ C\u00e2mara dos Deputados Luiz Lima quer aprofundar o debate sobre o assunto A Comiss\u00e3o do Esporte da C\u00e2mara dos Deputados realiza audi\u00eancia p\u00fablica na quarta-feira (25) para discutir o Projeto de Lei 936\/24, que refor\u00e7a a prefer\u00eancia dos clubes formadores no primeiro contrato com jovens atletas, mesmo nos casos em que estes [&hellip;]<\/p>\n","protected":false},"author":0,"featured_media":0,"comment_status":"open","ping_status":"open","sticky":false,"template":"","format":"standard","meta":{"footnotes":""},"categories":[1],"tags":[],"_links":{"self":[{"href":"https:\/\/jeffersonisac.adv.br\/index.php\/wp-json\/wp\/v2\/posts\/15770"}],"collection":[{"href":"https:\/\/jeffersonisac.adv.br\/index.php\/wp-json\/wp\/v2\/posts"}],"about":[{"href":"https:\/\/jeffersonisac.adv.br\/index.php\/wp-json\/wp\/v2\/types\/post"}],"replies":[{"embeddable":true,"href":"https:\/\/jeffersonisac.adv.br\/index.php\/wp-json\/wp\/v2\/comments?post=15770"}],"version-history":[{"count":0,"href":"https:\/\/jeffersonisac.adv.br\/index.php\/wp-json\/wp\/v2\/posts\/15770\/revisions"}],"wp:attachment":[{"href":"https:\/\/jeffersonisac.adv.br\/index.php\/wp-json\/wp\/v2\/media?parent=15770"}],"wp:term":[{"taxonomy":"category","embeddable":true,"href":"https:\/\/jeffersonisac.adv.br\/index.php\/wp-json\/wp\/v2\/categories?post=15770"},{"taxonomy":"post_tag","embeddable":true,"href":"https:\/\/jeffersonisac.adv.br\/index.php\/wp-json\/wp\/v2\/tags?post=15770"}],"curies":[{"name":"wp","href":"https:\/\/api.w.org\/{rel}","templated":true}]}}