{"id":15771,"date":"2026-03-20T14:24:35","date_gmt":"2026-03-20T17:24:35","guid":{"rendered":"https:\/\/jeffersonisac.adv.br\/index.php\/2026\/03\/20\/ex-deputado-constituinte-waldyr-pugliesi-morre-aos-90-anos\/"},"modified":"2026-03-20T14:24:35","modified_gmt":"2026-03-20T17:24:35","slug":"ex-deputado-constituinte-waldyr-pugliesi-morre-aos-90-anos","status":"publish","type":"post","link":"https:\/\/jeffersonisac.adv.br\/index.php\/2026\/03\/20\/ex-deputado-constituinte-waldyr-pugliesi-morre-aos-90-anos\/","title":{"rendered":"Ex-deputado constituinte Waldyr Pugliesi morre aos 90 anos"},"content":{"rendered":"<div class=\"image-container\">\n<div class=\"midia-creditos\"><em>Instagram<\/em><\/div>\n<div class=\"media-wrapper\"><\/div>\n<div class=\"midia-legenda\">Ex-deputado Waldyr Pugliesi<\/div>\n<\/div>\n<p>O <a href=\"https:\/\/www.camara.leg.br\/deputados\/139384\/biografia\">ex-deputado Waldyr Pugliesi (PR)<\/a> morreu nesta sexta-feira (20), aos 90 anos, em Londrina (PR). Ele foi deputado durante a Assembleia Nacional Constituinte (1987-1991).<\/p>\n<p>Pugliesi era filiado ao MDB e chegou a ocupar a presid\u00eancia estadual da sigla no Paran\u00e1.<\/p>\n<p>Nascido em 1935, iniciou a vida p\u00fablica na d\u00e9cada de 1960, ao ser eleito vereador em Arapongas (PR), cidade da qual tamb\u00e9m foi prefeito. Pugliesi tamb\u00e9m foi deputado estadual e secret\u00e1rio dos Transportes do Paran\u00e1.<\/p>","protected":false},"excerpt":{"rendered":"<p>Instagram Ex-deputado Waldyr Pugliesi O ex-deputado Waldyr Pugliesi (PR) morreu nesta sexta-feira (20), aos 90 anos, em Londrina (PR). Ele foi deputado durante a Assembleia Nacional Constituinte (1987-1991). Pugliesi era filiado ao MDB e chegou a ocupar a presid\u00eancia estadual da sigla no Paran\u00e1. Nascido em 1935, iniciou a vida p\u00fablica na d\u00e9cada de 1960, [&hellip;]<\/p>\n","protected":false},"author":0,"featured_media":0,"comment_status":"open","ping_status":"open","sticky":false,"template":"","format":"standard","meta":{"footnotes":""},"categories":[1],"tags":[],"_links":{"self":[{"href":"https:\/\/jeffersonisac.adv.br\/index.php\/wp-json\/wp\/v2\/posts\/15771"}],"collection":[{"href":"https:\/\/jeffersonisac.adv.br\/index.php\/wp-json\/wp\/v2\/posts"}],"about":[{"href":"https:\/\/jeffersonisac.adv.br\/index.php\/wp-json\/wp\/v2\/types\/post"}],"replies":[{"embeddable":true,"href":"https:\/\/jeffersonisac.adv.br\/index.php\/wp-json\/wp\/v2\/comments?post=15771"}],"version-history":[{"count":0,"href":"https:\/\/jeffersonisac.adv.br\/index.php\/wp-json\/wp\/v2\/posts\/15771\/revisions"}],"wp:attachment":[{"href":"https:\/\/jeffersonisac.adv.br\/index.php\/wp-json\/wp\/v2\/media?parent=15771"}],"wp:term":[{"taxonomy":"category","embeddable":true,"href":"https:\/\/jeffersonisac.adv.br\/index.php\/wp-json\/wp\/v2\/categories?post=15771"},{"taxonomy":"post_tag","embeddable":true,"href":"https:\/\/jeffersonisac.adv.br\/index.php\/wp-json\/wp\/v2\/tags?post=15771"}],"curies":[{"name":"wp","href":"https:\/\/api.w.org\/{rel}","templated":true}]}}