{"id":15773,"date":"2026-03-20T14:24:35","date_gmt":"2026-03-20T17:24:35","guid":{"rendered":"https:\/\/jeffersonisac.adv.br\/index.php\/2026\/03\/20\/comissao-de-saude-aprova-proposta-sobre-capacitacao-contra-cancer-infantil\/"},"modified":"2026-03-20T14:24:35","modified_gmt":"2026-03-20T17:24:35","slug":"comissao-de-saude-aprova-proposta-sobre-capacitacao-contra-cancer-infantil","status":"publish","type":"post","link":"https:\/\/jeffersonisac.adv.br\/index.php\/2026\/03\/20\/comissao-de-saude-aprova-proposta-sobre-capacitacao-contra-cancer-infantil\/","title":{"rendered":"Comiss\u00e3o de Sa\u00fade aprova proposta sobre capacita\u00e7\u00e3o contra c\u00e2ncer infantil"},"content":{"rendered":"<div class=\"image-container\">\n<div class=\"midia-creditos\"><em>Renato Ara\u00fajo\/C\u00e2mara dos Deputados<\/em><\/div>\n<div class=\"media-wrapper\"><\/div>\n<div class=\"midia-legenda\">Silvia Cristina recomendou a aprova\u00e7\u00e3o do projeto<\/div>\n<\/div>\n<p>A Comiss\u00e3o de Sa\u00fade da C\u00e2mara dos Deputados aprovou o projeto que inclui, entre os objetivos do <a href=\"https:\/\/www2.camara.leg.br\/legin\/fed\/lei\/2019\/lei-13958-18-dezembro-2019-789606-norma-pl.html\">Programa M\u00e9dicos pelo Brasil<\/a>, a capacita\u00e7\u00e3o de profissionais da aten\u00e7\u00e3o prim\u00e1ria \u00e0 sa\u00fade para o diagn\u00f3stico e a identifica\u00e7\u00e3o precoce do c\u00e2ncer infantojuvenil.<\/p>\n<p>A comiss\u00e3o aprovou o parecer da relatora, deputada Silvia Cristina (PP-RO), ao Projeto de Lei 2970\/22, do deputado Bibo Nunes (PL-RS).<\/p>\n<p>A relatora ajustou o texto original para detalhar que a forma\u00e7\u00e3o deve capacitar tanto m\u00e9dicos como outros profissionais de aten\u00e7\u00e3o prim\u00e1ria para identificar precocemente sinais e sintomas da doen\u00e7a.<\/p>\n<p><a href=\"https:\/\/www.camara.leg.br\/proposicoesWeb\/prop_mostrarintegra?codteor=3096114&amp;filename=PRL+2+CSAUDE+%3D%3E+PL+2970\/2022\">Veja a \u00edntegra do texto aprovado<\/a><\/p>\n<p>Teresa Cristina afirmou que a proposta fortalece o SUS ao melhorar a qualidade da assist\u00eancia prestada, aumentando as chances de cura das crian\u00e7as e adolescentes.<\/p>\n<p>&#8220;A estrutura j\u00e1 existente de forma\u00e7\u00e3o e capacita\u00e7\u00e3o pode ser aproveitada para incorporar conte\u00fados voltados \u00e0 identifica\u00e7\u00e3o precoce do c\u00e2ncer infantojuvenil, constituindo medida eficiente do ponto de vista administrativo e sanit\u00e1rio&#8221;, disse.<\/p>\n<p><strong>Estat\u00edsticas<br \/>\n<\/strong>De acordo com Bibo Nunes, ainda n\u00e3o se sabe ao certo quais s\u00e3o os fatores de risco para o c\u00e2ncer infantojuvenil e, por isso, \u00e9 necess\u00e1ria uma maior capacita\u00e7\u00e3o dos profissionais de sa\u00fade que atuam pelo Programa M\u00e9dicos pelo Brasil.<\/p>\n<p>De acordo com o DataSUS, o c\u00e2ncer infantojuvenil \u00e9 a principal doen\u00e7a e a segunda maior causa de morte entre crian\u00e7as e adolescentes de 4 a 19 anos, ficando atr\u00e1s apenas das causas externas, ou seja, mortes violentas (acidentes, homic\u00eddios e suic\u00eddios).<\/p>\n<p>Segundo estimativas do Instituto Nacional do C\u00e2ncer de 2026 a 2028, citadas por Teresa Cristina, s\u00e3o registrados aproximadamente 7.560 novos casos de c\u00e2ncer infantojuvenil por ano, considerando crian\u00e7as e adolescentes de 0 a 19 anos.<\/p>\n<p><strong>Pr\u00f3ximos passos<\/strong><br \/>\nA proposta ainda ser\u00e1 analisada, em <span class=\"termoGlossario\">car\u00e1ter conclusivo<\/span>, pela Comiss\u00e3o de Constitui\u00e7\u00e3o e Justi\u00e7a e de Cidadania.<\/p>\n<p>Para virar lei, precisa ser aprovada por C\u00e2mara e Senado.<\/p>\n<p><a href=\"https:\/\/www.camara.leg.br\/noticias\/573454-SAIBA-MAIS-SOBRE-A-TRAMITACAO-DE-PROJETOS-DE-LEI\">Saiba mais sobre a tramita\u00e7\u00e3o de projetos de lei<\/a><\/p>\n<p>\u00a0<\/p>\n<div><\/div>\n<p>\u00a0<\/p>","protected":false},"excerpt":{"rendered":"<p>Renato Ara\u00fajo\/C\u00e2mara dos Deputados Silvia Cristina recomendou a aprova\u00e7\u00e3o do projeto A Comiss\u00e3o de Sa\u00fade da C\u00e2mara dos Deputados aprovou o projeto que inclui, entre os objetivos do Programa M\u00e9dicos pelo Brasil, a capacita\u00e7\u00e3o de profissionais da aten\u00e7\u00e3o prim\u00e1ria \u00e0 sa\u00fade para o diagn\u00f3stico e a identifica\u00e7\u00e3o precoce do c\u00e2ncer infantojuvenil. A comiss\u00e3o aprovou o [&hellip;]<\/p>\n","protected":false},"author":0,"featured_media":0,"comment_status":"open","ping_status":"open","sticky":false,"template":"","format":"standard","meta":{"footnotes":""},"categories":[1],"tags":[],"_links":{"self":[{"href":"https:\/\/jeffersonisac.adv.br\/index.php\/wp-json\/wp\/v2\/posts\/15773"}],"collection":[{"href":"https:\/\/jeffersonisac.adv.br\/index.php\/wp-json\/wp\/v2\/posts"}],"about":[{"href":"https:\/\/jeffersonisac.adv.br\/index.php\/wp-json\/wp\/v2\/types\/post"}],"replies":[{"embeddable":true,"href":"https:\/\/jeffersonisac.adv.br\/index.php\/wp-json\/wp\/v2\/comments?post=15773"}],"version-history":[{"count":0,"href":"https:\/\/jeffersonisac.adv.br\/index.php\/wp-json\/wp\/v2\/posts\/15773\/revisions"}],"wp:attachment":[{"href":"https:\/\/jeffersonisac.adv.br\/index.php\/wp-json\/wp\/v2\/media?parent=15773"}],"wp:term":[{"taxonomy":"category","embeddable":true,"href":"https:\/\/jeffersonisac.adv.br\/index.php\/wp-json\/wp\/v2\/categories?post=15773"},{"taxonomy":"post_tag","embeddable":true,"href":"https:\/\/jeffersonisac.adv.br\/index.php\/wp-json\/wp\/v2\/tags?post=15773"}],"curies":[{"name":"wp","href":"https:\/\/api.w.org\/{rel}","templated":true}]}}