{"id":15777,"date":"2026-03-20T16:24:23","date_gmt":"2026-03-20T19:24:23","guid":{"rendered":"https:\/\/jeffersonisac.adv.br\/index.php\/2026\/03\/20\/comissao-aprova-aumento-para-8-na-deducao-do-ir-em-doacoes-para-projetos-esportivos-sociais\/"},"modified":"2026-03-20T16:24:23","modified_gmt":"2026-03-20T19:24:23","slug":"comissao-aprova-aumento-para-8-na-deducao-do-ir-em-doacoes-para-projetos-esportivos-sociais","status":"publish","type":"post","link":"https:\/\/jeffersonisac.adv.br\/index.php\/2026\/03\/20\/comissao-aprova-aumento-para-8-na-deducao-do-ir-em-doacoes-para-projetos-esportivos-sociais\/","title":{"rendered":"Comiss\u00e3o aprova aumento para 8% na dedu\u00e7\u00e3o do IR em doa\u00e7\u00f5es para projetos esportivos sociais"},"content":{"rendered":"<div class=\"relative flex-1 overflow-hidden overflow-y-auto\">\n<div class=\"relative h-full\">\n<div class=\"scrollbar-gutter-stable\">\n<div class=\"flex flex-col pb-9 dark:bg-transparent\">\n<div class=\"text-token-text-primary w-full border-0 bg-transparent dark:border-0 dark:bg-transparent\">\n<div class=\"m-auto justify-center p-4 py-2 md:gap-6 \">\n<div class=\"group mx-auto flex flex-1 gap-3 transition-all duration-300 transform-gpu md:max-w-[47rem] xl:max-w-[55rem] focus:outline-none focus:ring-2 focus:ring-border-xheavy message-render\">\n<div class=\"relative flex w-11\/12 flex-col agent-turn\">\n<div class=\"flex flex-col gap-1\">\n<div class=\"flex max-w-full flex-grow flex-col gap-0\">\n<div class=\"text-message flex min-h-[20px] flex-col items-start gap-3 overflow-visible [.text-message+&amp;]:mt-5\">\n<div class=\"markdown prose message-content dark:prose-invert light w-full break-words dark:text-gray-100\">\n<div class=\"image-container\">\n<div class=\"midia-creditos\"><em>Vinicius Loures\/C\u00e2mara dos Deputados<\/em><\/div>\n<div class=\"media-wrapper\"><\/div>\n<div class=\"midia-legenda\">Julio Cesar Ribeiro, relator do projeto de lei<\/div>\n<\/div>\n<p class=\"mb-2 whitespace-pre-wrap\">A Comiss\u00e3o do Esporte da C\u00e2mara dos Deputados aprovou proposta que eleva de 7% para 8% o limite de dedu\u00e7\u00e3o do Imposto de Renda para Pessoas F\u00edsicas (IR) em doa\u00e7\u00f5es e patroc\u00ednios destinados a projetos esportivos de inclus\u00e3o social em comunidades vulner\u00e1veis.<\/p>\n<p class=\"mb-2 whitespace-pre-wrap\">O colegiado aprovou o <span class=\"termoGlossario\">substitutivo<\/span> do relator, deputado Julio Cesar Ribeiro (Republicanos-DF), ao Projeto de Lei 4895\/25, de autoria do deputado Defensor St\u00e9lio Dener (Republicanos-RR).<\/p>\n<p class=\"mb-2 whitespace-pre-wrap\">O texto original propunha um incentivo fiscal adicional de at\u00e9 25% sobre os limites de dedu\u00e7\u00e3o. No entanto, o substitutivo aprovado ajustou a proposta para modificar o marco legal do incentivo ao esporte (<a class=\"linkLegislacao\" href=\"https:\/\/www2.camara.gov.br\/legin\/fed\/leicom\/2025\/leicomplementar-222-26-novembro-2025-798353-norma-pl.html\">Lei Complementar 222\/25<\/a>), fixando o aumento em 1 ponto percentual espec\u00edfico para iniciativas em \u00e1reas como periferias, fronteiras e comunidades ind\u00edgenas.<\/p>\n<p class=\"mb-2 whitespace-pre-wrap\"><strong>Despesas incentiv\u00e1veis<br \/>\n<\/strong>O texto tamb\u00e9m permite que recursos incentivados sejam usados para custear despesas com seguran\u00e7a e certifica\u00e7\u00e3o t\u00e9cnica, como a compra de equipamentos homologados e a realiza\u00e7\u00e3o de laudos que garantam a integridade f\u00edsica dos atletas e paratletas.<\/p>\n<p class=\"mb-2 whitespace-pre-wrap\"><strong>Certifica\u00e7\u00e3o de projetos<br \/>\n<\/strong>A proposta original criava o Selo Projeto Esporte em Territ\u00f3rio Priorit\u00e1rio, com tramita\u00e7\u00e3o obrigat\u00f3ria e priorit\u00e1ria. J\u00e1 o substitutivo aprovado autoriza o Minist\u00e9rio do Esporte a instituir selo ou outros mecanismos de certifica\u00e7\u00e3o para reconhecer projetos executados em comunidades em situa\u00e7\u00e3o de vulnerabilidade social.<\/p>\n<p class=\"mb-2 whitespace-pre-wrap\"><strong>Crit\u00e9rios de prioriza\u00e7\u00e3o<br \/>\n<\/strong>O texto insere na legisla\u00e7\u00e3o a possibilidade de um regulamento estabelecer crit\u00e9rios diferenciados de an\u00e1lise, prioriza\u00e7\u00e3o, acompanhamento e capta\u00e7\u00e3o de recursos para projetos executados preferencialmente nessas comunidades.<\/p>\n<p class=\"mb-2 whitespace-pre-wrap\"><strong>Pr\u00f3ximos passos<br \/>\n<\/strong>A proposta tramita em <span class=\"termoGlossario\">car\u00e1ter conclusivo<\/span> e ser\u00e1 analisada pelas comiss\u00f5es de Finan\u00e7as e Tributa\u00e7\u00e3o; e de Constitui\u00e7\u00e3o e Justi\u00e7a e de Cidadania.<\/p>\n<\/div>\n<\/div>\n<\/div>\n<div class=\"mt-1 flex justify-start gap-3 empty:hidden lg:flex text-xs\">\n<div class=\"group visible flex justify-center gap-0.5 self-end focus-within:outline-none lg:justify-start\">\n<p><a href=\"https:\/\/www.camara.leg.br\/noticias\/573454-SAIBA-MAIS-SOBRE-A-TRAMITACAO-DE-PROJETOS-DE-LEI\">Saiba mais sobre a tramita\u00e7\u00e3o de projetos de lei<\/a><\/p>\n<\/div>\n<\/div>\n<\/div>\n<\/div>\n<\/div>\n<\/div>\n<\/div>\n<\/div>\n<\/div>\n<\/div>\n<\/div>","protected":false},"excerpt":{"rendered":"<p>Vinicius Loures\/C\u00e2mara dos Deputados Julio Cesar Ribeiro, relator do projeto de lei A Comiss\u00e3o do Esporte da C\u00e2mara dos Deputados aprovou proposta que eleva de 7% para 8% o limite de dedu\u00e7\u00e3o do Imposto de Renda para Pessoas F\u00edsicas (IR) em doa\u00e7\u00f5es e patroc\u00ednios destinados a projetos esportivos de inclus\u00e3o social em comunidades vulner\u00e1veis. O [&hellip;]<\/p>\n","protected":false},"author":0,"featured_media":0,"comment_status":"open","ping_status":"open","sticky":false,"template":"","format":"standard","meta":{"footnotes":""},"categories":[1],"tags":[],"_links":{"self":[{"href":"https:\/\/jeffersonisac.adv.br\/index.php\/wp-json\/wp\/v2\/posts\/15777"}],"collection":[{"href":"https:\/\/jeffersonisac.adv.br\/index.php\/wp-json\/wp\/v2\/posts"}],"about":[{"href":"https:\/\/jeffersonisac.adv.br\/index.php\/wp-json\/wp\/v2\/types\/post"}],"replies":[{"embeddable":true,"href":"https:\/\/jeffersonisac.adv.br\/index.php\/wp-json\/wp\/v2\/comments?post=15777"}],"version-history":[{"count":0,"href":"https:\/\/jeffersonisac.adv.br\/index.php\/wp-json\/wp\/v2\/posts\/15777\/revisions"}],"wp:attachment":[{"href":"https:\/\/jeffersonisac.adv.br\/index.php\/wp-json\/wp\/v2\/media?parent=15777"}],"wp:term":[{"taxonomy":"category","embeddable":true,"href":"https:\/\/jeffersonisac.adv.br\/index.php\/wp-json\/wp\/v2\/categories?post=15777"},{"taxonomy":"post_tag","embeddable":true,"href":"https:\/\/jeffersonisac.adv.br\/index.php\/wp-json\/wp\/v2\/tags?post=15777"}],"curies":[{"name":"wp","href":"https:\/\/api.w.org\/{rel}","templated":true}]}}