{"id":15778,"date":"2026-03-20T16:24:23","date_gmt":"2026-03-20T19:24:23","guid":{"rendered":"https:\/\/jeffersonisac.adv.br\/index.php\/2026\/03\/20\/comissao-aprova-margem-de-preferencia-de-ate-30-para-produtos-nacionais-em-compras-publicas\/"},"modified":"2026-03-20T16:24:23","modified_gmt":"2026-03-20T19:24:23","slug":"comissao-aprova-margem-de-preferencia-de-ate-30-para-produtos-nacionais-em-compras-publicas","status":"publish","type":"post","link":"https:\/\/jeffersonisac.adv.br\/index.php\/2026\/03\/20\/comissao-aprova-margem-de-preferencia-de-ate-30-para-produtos-nacionais-em-compras-publicas\/","title":{"rendered":"Comiss\u00e3o aprova margem de prefer\u00eancia de at\u00e9 30% para produtos nacionais em compras p\u00fablicas"},"content":{"rendered":"<div class=\"image-container\">\n<div class=\"midia-creditos\"><em>Kayo Magalh\u00e3es\/C\u00e2mara dos Deputados<\/em><\/div>\n<div class=\"media-wrapper\"><\/div>\n<div class=\"midia-legenda\">Jadyel Alencar: mercado de compras governamentais representa 12,5% do PIB<\/div>\n<\/div>\n<p class=\"mb-2 whitespace-pre-wrap\">A Comiss\u00e3o de Desenvolvimento Econ\u00f4mico da C\u00e2mara dos Deputados aprovou projeto de lei que torna obrigat\u00f3ria a aplica\u00e7\u00e3o de margens de prefer\u00eancia em licita\u00e7\u00f5es p\u00fablicas, permitindo que o governo pague at\u00e9 20% a mais por produtos manufaturados nacionais e at\u00e9 30% a mais por bens resultantes de inova\u00e7\u00e3o tecnol\u00f3gica no Pa\u00eds \u2013 a medida visa utilizar o poder de compra do Estado para fortalecer a ind\u00fastria brasileira.<\/p>\n<p class=\"mb-2 whitespace-pre-wrap\">O colegiado aprovou o parecer favor\u00e1vel do relator, deputado Jadyel Alencar (Republicanos-PI), ao Projeto de Lei 3558\/25, do deputado Vitor Lippi (PSDB-SP).<\/p>\n<p>O relator destacou que o mercado de compras governamentais representa cerca de 12,5% do PIB brasileiro. &#8220;Direcionar parte desse poder de compra para bens e servi\u00e7os nacionais pode contribuir para reverter o processo de desindustrializa\u00e7\u00e3o, gerar empregos qualificados e reduzir a depend\u00eancia externa&#8221;, afirmou Jadyel Alencar em seu voto.<\/p>\n<p class=\"mb-2 whitespace-pre-wrap\">Atualmente, a Nova Lei de Licita\u00e7\u00f5es (<a class=\"linkLegislacao\" href=\"https:\/\/www2.camara.gov.br\/legin\/fed\/lei\/2021\/lei-14133-1-abril-2021-791222-norma-pl.html\">Lei 14.133\/21<\/a>) diz que a margem de prefer\u00eancia poder\u00e1 ser estabelecida, de forma facultativa. O texto aprovado altera a reda\u00e7\u00e3o tornando a pr\u00e1tica mandat\u00f3ria para a administra\u00e7\u00e3o p\u00fablica, al\u00e9m de elevar os percentuais m\u00e1ximos permitidos (que hoje s\u00e3o de 10% e 20%, respectivamente).<\/p>\n<p class=\"mb-2 whitespace-pre-wrap\"><strong>Licita\u00e7\u00f5es exclusivas<br \/>\n<\/strong>O texto autoriza a Uni\u00e3o, estados e munic\u00edpios a realizarem licita\u00e7\u00f5es exclusivas \u2013 ou seja, restritas apenas a empresas brasileiras \u2013 para a compra de bens e servi\u00e7os destinados a atividades consideradas estrat\u00e9gicas pelo Poder Executivo.<\/p>\n<p class=\"mb-2 whitespace-pre-wrap\">Para se enquadrar nessa categoria, os produtos devem ser fabricados no territ\u00f3rio nacional por empresas com sede e administra\u00e7\u00e3o no pa\u00eds e constar no cadastro da Finame (Ag\u00eancia Especial de Financiamento Industrial) do BNDES.<\/p>\n<p class=\"mb-2 whitespace-pre-wrap\"><strong>Abrang\u00eancia<br \/>\n<\/strong>O texto aprovado tamb\u00e9m inclui as empresas estatais (empresas p\u00fablicas e sociedades de economia mista) nessas regras de prefer\u00eancia, alterando o escopo da Lei das Estatais (<a class=\"linkLegislacao\" href=\"https:\/\/www2.camara.gov.br\/legin\/fed\/lei\/2016\/lei-13303-30-junho-2016-783296-norma-pl.html\">Lei 13.303\/16<\/a>), que atualmente n\u00e3o prev\u00ea esse mecanismo de forma expl\u00edcita como a lei da administra\u00e7\u00e3o direta.<\/p>\n<p class=\"mb-2 whitespace-pre-wrap\"><strong>Pr\u00f3ximos passos<br \/>\n<\/strong>A proposta que tramita em <span class=\"termoGlossario\">car\u00e1ter conclusivo<\/span> ainda ser\u00e1 analisada pelas Comiss\u00f5es de Finan\u00e7as e Tributa\u00e7\u00e3o; e de Constitui\u00e7\u00e3o e Justi\u00e7a e de Cidadania. Para virar lei, a proposta precisa ser aprovada pela C\u00e2mara e pelo Senado.<\/p>\n<p><a href=\"https:\/\/www.camara.leg.br\/noticias\/573454-SAIBA-MAIS-SOBRE-A-TRAMITACAO-DE-PROJETOS-DE-LEI\">Saiba mais sobre a tramita\u00e7\u00e3o de projetos de lei<\/a><\/p>","protected":false},"excerpt":{"rendered":"<p>Kayo Magalh\u00e3es\/C\u00e2mara dos Deputados Jadyel Alencar: mercado de compras governamentais representa 12,5% do PIB A Comiss\u00e3o de Desenvolvimento Econ\u00f4mico da C\u00e2mara dos Deputados aprovou projeto de lei que torna obrigat\u00f3ria a aplica\u00e7\u00e3o de margens de prefer\u00eancia em licita\u00e7\u00f5es p\u00fablicas, permitindo que o governo pague at\u00e9 20% a mais por produtos manufaturados nacionais e at\u00e9 30% [&hellip;]<\/p>\n","protected":false},"author":0,"featured_media":0,"comment_status":"open","ping_status":"open","sticky":false,"template":"","format":"standard","meta":{"footnotes":""},"categories":[1],"tags":[],"_links":{"self":[{"href":"https:\/\/jeffersonisac.adv.br\/index.php\/wp-json\/wp\/v2\/posts\/15778"}],"collection":[{"href":"https:\/\/jeffersonisac.adv.br\/index.php\/wp-json\/wp\/v2\/posts"}],"about":[{"href":"https:\/\/jeffersonisac.adv.br\/index.php\/wp-json\/wp\/v2\/types\/post"}],"replies":[{"embeddable":true,"href":"https:\/\/jeffersonisac.adv.br\/index.php\/wp-json\/wp\/v2\/comments?post=15778"}],"version-history":[{"count":0,"href":"https:\/\/jeffersonisac.adv.br\/index.php\/wp-json\/wp\/v2\/posts\/15778\/revisions"}],"wp:attachment":[{"href":"https:\/\/jeffersonisac.adv.br\/index.php\/wp-json\/wp\/v2\/media?parent=15778"}],"wp:term":[{"taxonomy":"category","embeddable":true,"href":"https:\/\/jeffersonisac.adv.br\/index.php\/wp-json\/wp\/v2\/categories?post=15778"},{"taxonomy":"post_tag","embeddable":true,"href":"https:\/\/jeffersonisac.adv.br\/index.php\/wp-json\/wp\/v2\/tags?post=15778"}],"curies":[{"name":"wp","href":"https:\/\/api.w.org\/{rel}","templated":true}]}}